{"id":77055,"date":"2023-07-30T19:01:00","date_gmt":"2023-07-30T22:01:00","guid":{"rendered":"https:\/\/corrientesdetarde.com\/?p=77055"},"modified":"2023-07-30T19:01:04","modified_gmt":"2023-07-30T22:01:04","slug":"la-cgt-refuerza-el-respaldo-a-sergio-massa-a-dias-de-las-paso","status":"publish","type":"post","link":"https:\/\/corrientesdetarde.com\/index.php\/politica\/la-cgt-refuerza-el-respaldo-a-sergio-massa-a-dias-de-las-paso\/","title":{"rendered":"La CGT refuerza el respaldo a Sergio Massa a d\u00edas de las PASO."},"content":{"rendered":"\n<h2 class=\"wp-block-heading\">H\u00e9ctor Daer, uno de los l\u00edderes del triunvirato que conduce la central obrera, dijo que la central obrera debe contener la tensi\u00f3n social, aunque advirti\u00f3 que es necesario \u201cdefender el salario\u201d frente a la suba de los precios.<\/h2>\n\n\n\n<p>La\u00a0<strong>CGT<\/strong>\u00a0advirti\u00f3 este domingo que\u00a0<strong>hay que \u201cdefender el salario\u201d<\/strong>, aunque garantiz\u00f3 que para ello \u201cno hay que salir a la calle\u201d, en otra muestra m\u00e1s de alineamiento de la central obrera con el Gobierno nacional y sobre todo con el ministro de Econom\u00eda y precandidato a presidente de Uni\u00f3n por la Patria,\u00a0<strong>Sergio Massa<\/strong>.<\/p>\n\n\n\n<p>\u201c<strong>La CGT no tiene que salir a la calle por los tres d\u00edgitos de inflaci\u00f3n<\/strong>, tenemos que defender el salario ante esa inflaci\u00f3n\u201d, justific\u00f3\u00a0<strong>H\u00e9ctor Daer<\/strong>\u00a0en declaraciones a\u00a0<em>FM Milenium<\/em>.<\/p>\n\n\n\n<p>A su vez, respald\u00f3 el gobierno del presidente,&nbsp;<strong>Alberto Fern\u00e1ndez<\/strong>: \u201cDefendi\u00f3 a los trabajadores durante la pandemia, sino hubiera sido un desastre\u201d, dijo. \u201cEn este gobierno no hubo ning\u00fan proyecto, anteproyecto o decreto en contra de los trabajadores\u201d, a\u00f1adi\u00f3.<\/p>\n\n\n\n<figure class=\"wp-block-image\"><img decoding=\"async\" src=\"https:\/\/tn.com.ar\/resizer\/mWBUkwFvrPnRqmkScxpgy9x-kJk=\/767x0\/smart\/filters:format(webp)\/cloudfront-us-east-1.images.arcpublishing.com\/artear\/XVHIVGJSYXQMR3RZ7U2ZXVXKYE.jpg\" alt=\"Sergio Massa y Agust\u00edn Rossi fueron recibidos por la CGT para brindar su respaldo p\u00fablico a la f\u00f3rmula presidencial de Uni\u00f3n por la Patria. REUTERS\/Agustin Marcarian\"\/><figcaption>Sergio Massa y Agust\u00edn Rossi fueron recibidos por la CGT para brindar su respaldo p\u00fablico a la f\u00f3rmula presidencial de Uni\u00f3n por la Patria. REUTERS\/Agustin MarcarianPor:&nbsp;<strong>REUTERS<\/strong><\/figcaption><\/figure>\n\n\n\n<p>D\u00edas atr\u00e1s, Massa fue recibido por la CGT en la hist\u00f3rica sede de la calle Azopardo. Fue escoltado por su compa\u00f1ero de f\u00f3rmula y actual jefe de Gabinete,&nbsp;<strong>Agust\u00edn Rossi<\/strong>.<\/p>\n\n\n\n<p>En ese acto, que signific\u00f3 el respaldo p\u00fablico de la central obrera a la precandidatura presidencial de Massa, el l\u00edder del Frente Renovador llam\u00f3 a \u201crecuperar el salario y defender nuestros derechos. Porque para nosotros el salario no es ganancia, es remuneraci\u00f3n\u201d.<\/p>\n\n\n\n<p>De todos modos, admiti\u00f3: \u201cSabemos que hay compa\u00f1eros nuestros desilusionados o a lo mejor decepcionados, porque en estos a\u00f1os, o por la pandemia o por la guerra o la sequ\u00eda o porque nos falt\u00f3 determinaci\u00f3n en algunos temas, algunos compa\u00f1eros pueden sentir la desilusi\u00f3n de que si bien creci\u00f3 33 meses consecutivos el ingreso al trabajo, los salarios no se recuperaron como se ten\u00edan que haber recuperado\u201d.<\/p>\n\n\n\n<figure class=\"wp-block-image\"><img decoding=\"async\" src=\"https:\/\/tn.com.ar\/resizer\/1Q9HyDIudNF6uXVshC_5fSdRmrA=\/767x0\/smart\/filters:format(webp)\/cloudfront-us-east-1.images.arcpublishing.com\/artear\/WVU3SGSAPUESQZBRSGDLNEX6VI.jpg\" alt=\"H\u00e9ctor Daer junto a Sergio Massa y Agust\u00edn Rossi en el edificio de la CGT. REUTERS\/Agustin Marcarian\"\/><figcaption>H\u00e9ctor Daer junto a Sergio Massa y Agust\u00edn Rossi en el edificio de la CGT. REUTERS\/Agustin MarcarianPor:&nbsp;<strong>REUTERS<\/strong><\/figcaption><\/figure>\n\n\n\n<p>Por otra parte, la CGT emiti\u00f3 un video a mediados de semana bajo el t\u00edtulo \u201cEl Trabajo es la Patria\u201d donde resalt\u00f3 el&nbsp;<strong>incremento del trabajo registrado durante los casi cuatro a\u00f1os de gesti\u00f3n del Frente de Todos<\/strong>&nbsp;en comparaci\u00f3n con el gobierno de Cambiemos liderado por el expresidente&nbsp;<strong>Mauricio Macri<\/strong>.<\/p>\n\n\n\n<p>Entremezcaldo con algunas declaraciones de Massa y a pesar de la cr\u00edtica situaci\u00f3n econ\u00f3mico y social, el video puso el foco en la siguientes cifras: 339 mil nuevos puestos de trabajo registrado entre el 2020 y 2023 y las 226 mil personas que habr\u00edan perdido su empleo entre 2015 y 2019.<\/p>\n\n\n\n<p>La CGT es uno de los principales pilares de respaldo en la campa\u00f1a presidencial de Massa y el pr\u00f3ximo 8 de agosto tienen planificado un importante acto en el municipio de Malvinas Argentinas.<\/p>\n\n\n\n<p><\/p>\n\n\n\n<p><em>Fuente: Todo Noticias.<\/em><\/p>\n","protected":false},"excerpt":{"rendered":"<p>H\u00e9ctor Daer, uno de los l\u00edderes del triunvirato que conduce la central obrera, dijo que la central obrera debe contener la tensi\u00f3n social, aunque advirti\u00f3 que es necesario \u201cdefender el&hellip; <\/p>\n","protected":false},"author":6,"featured_media":77059,"comment_status":"closed","ping_status":"open","sticky":false,"template":"","format":"standard","meta":{"footnotes":""},"categories":[3],"tags":[],"class_list":["post-77055","post","type-post","status-publish","format-standard","has-post-thumbnail","hentry","category-politica"],"_links":{"self":[{"href":"https:\/\/corrientesdetarde.com\/index.php\/wp-json\/wp\/v2\/posts\/77055","targetHints":{"allow":["GET"]}}],"collection":[{"href":"https:\/\/corrientesdetarde.com\/index.php\/wp-json\/wp\/v2\/posts"}],"about":[{"href":"https:\/\/corrientesdetarde.com\/index.php\/wp-json\/wp\/v2\/types\/post"}],"author":[{"embeddable":true,"href":"https:\/\/corrientesdetarde.com\/index.php\/wp-json\/wp\/v2\/users\/6"}],"replies":[{"embeddable":true,"href":"https:\/\/corrientesdetarde.com\/index.php\/wp-json\/wp\/v2\/comments?post=77055"}],"version-history":[{"count":1,"href":"https:\/\/corrientesdetarde.com\/index.php\/wp-json\/wp\/v2\/posts\/77055\/revisions"}],"predecessor-version":[{"id":77060,"href":"https:\/\/corrientesdetarde.com\/index.php\/wp-json\/wp\/v2\/posts\/77055\/revisions\/77060"}],"wp:featuredmedia":[{"embeddable":true,"href":"https:\/\/corrientesdetarde.com\/index.php\/wp-json\/wp\/v2\/media\/77059"}],"wp:attachment":[{"href":"https:\/\/corrientesdetarde.com\/index.php\/wp-json\/wp\/v2\/media?parent=77055"}],"wp:term":[{"taxonomy":"category","embeddable":true,"href":"https:\/\/corrientesdetarde.com\/index.php\/wp-json\/wp\/v2\/categories?post=77055"},{"taxonomy":"post_tag","embeddable":true,"href":"https:\/\/corrientesdetarde.com\/index.php\/wp-json\/wp\/v2\/tags?post=77055"}],"curies":[{"name":"wp","href":"https:\/\/api.w.org\/{rel}","templated":true}]}}