{"id":77056,"date":"2023-07-30T18:58:18","date_gmt":"2023-07-30T21:58:18","guid":{"rendered":"https:\/\/corrientesdetarde.com\/?p=77056"},"modified":"2023-07-30T18:58:30","modified_gmt":"2023-07-30T21:58:30","slug":"bomba-en-la-liga-juanfer-quintero-jugara-en-racing","status":"publish","type":"post","link":"https:\/\/corrientesdetarde.com\/index.php\/deportes\/bomba-en-la-liga-juanfer-quintero-jugara-en-racing\/","title":{"rendered":"Bomba en la liga: Juanfer Quintero jugar\u00e1 en Racing."},"content":{"rendered":"\n<h2 class=\"wp-block-heading\">El colombiano, que acaba de rescindir con Junior de Barranquilla, ser\u00e1 jugador de la Academia. Firmar\u00e1 por tres a\u00f1os.<\/h2>\n\n\n\n<p>El domingo ven\u00eda tranquilo. Hasta que la siesta se sacudi\u00f3. Un bombazo desde Colombia despert\u00f3 a todos.\u00a0<strong>Juan Fernando Quintero ser\u00e1 jugador de Racing<\/strong>. El zurdo, que brill\u00f3 en River, dejar\u00e1 Junior y volver\u00e1 a la Argentina pero para vestir la celeste y blanca de la Academia.<\/p>\n\n\n\n<p>En silencio,&nbsp;<strong>Racing deton\u00f3 una de las bombas del mercado de pases<\/strong>. Es que Quintero no estaba en la \u00f3rbita de nadie. Sobre todo porque despu\u00e9s de haberse ido de River el a\u00f1o pasado, el colombiano hab\u00eda manifestado que no vestir\u00eda otra camiseta en la Argentina que no fuera la banda roja.<\/p>\n\n\n\n<p>Sin embargo, todo cambia. Y tras la gesti\u00f3n de los dirigentes de Racing, Quintero, que qued\u00f3 libre de Junior, llegar\u00e1 al club de Avellaneda, donde firmar\u00e1 un contrato por 3 a\u00f1os.<\/p>\n\n\n\n<p>El colombiano deja su pa\u00eds tras apenas 6 meses en el club de Barranquilla. Y, seg\u00fan informaron desde Colombia, la r\u00e1pida salida del hombre que fue la gran incorporaci\u00f3n del mercado cafetero pasado se dio por diferencias con el Bolillo G\u00f3mez. Juanfer se fue en medio de una pol\u00e9mica y cuestionando las formas del DT que hab\u00eda decidido prescindir de Sebasti\u00e1n Viera, un emblema del club tras 12 a\u00f1os defendiendo su arco.<\/p>\n\n\n\n<p><img loading=\"lazy\" decoding=\"async\" width=\"100\" height=\"100\" src=\"https:\/\/www.clarin.com\/img\/2023\/07\/30\/mHSa73r3R_720x0__1.jpg\" alt=\"Juan Fernando Quintero fue presentado como una verdadera figura en Junior. Pero la aventura dur\u00f3 poco. \nFoto: AFP\"><\/p>\n\n\n\n<p>Juan Fernando Quintero fue presentado como una verdadera figura en Junior. Pero la aventura dur\u00f3 poco. Foto: AFP<\/p>\n\n\n\n<p>\u00bfC\u00f3mo le fue a Quintero en Colombia? No pudo demostrar demasiado sus cualidades: sum\u00f3 630 minutos en&nbsp;<strong>apenas siete partidos&nbsp;<\/strong>y&nbsp;convirti\u00f3 un solo gol en el mes de marzo, frente a Envigado, en marzo. Adem\u00e1s, el ex River&nbsp;y sufri\u00f3 diferentes lesiones que le no le permitieron jugar con continuidad.<\/p>\n\n\n\n<p>Todo apuntaba a que Quintero seguir\u00eda su carrera en el Cruz Azul del f\u00fatbol mexicano, pero Blanco y compa\u00f1\u00eda se movieron en silencio y cerraron su llegada a Racing de manera sorpresiva.<\/p>\n\n\n\n<p>M\u00e1s all\u00e1 de la mochila que cargara por el paso previo de Edwin Cardona, otro colombiano que nunca pudo mostrar sus cualidades en Racing, por trayectoria y por su manera de pegarle a la pelota, en principio Gago parece haber encontrado un reemplazante para Mat\u00edas Rojas que parti\u00f3 hacia Corinthians. Adem\u00e1s, Juanfer se encontrar\u00e1 con otro compatriota como Roger Mart\u00ednez.<\/p>\n\n\n\n<p><\/p>\n\n\n\n<p><em>Fuente: Clar\u00edn.<\/em><\/p>\n","protected":false},"excerpt":{"rendered":"<p>El colombiano, que acaba de rescindir con Junior de Barranquilla, ser\u00e1 jugador de la Academia. Firmar\u00e1 por tres a\u00f1os. El domingo ven\u00eda tranquilo. Hasta que la siesta se sacudi\u00f3. Un&hellip; <\/p>\n","protected":false},"author":6,"featured_media":77057,"comment_status":"closed","ping_status":"open","sticky":false,"template":"","format":"standard","meta":{"footnotes":""},"categories":[4],"tags":[],"class_list":["post-77056","post","type-post","status-publish","format-standard","has-post-thumbnail","hentry","category-deportes"],"_links":{"self":[{"href":"https:\/\/corrientesdetarde.com\/index.php\/wp-json\/wp\/v2\/posts\/77056","targetHints":{"allow":["GET"]}}],"collection":[{"href":"https:\/\/corrientesdetarde.com\/index.php\/wp-json\/wp\/v2\/posts"}],"about":[{"href":"https:\/\/corrientesdetarde.com\/index.php\/wp-json\/wp\/v2\/types\/post"}],"author":[{"embeddable":true,"href":"https:\/\/corrientesdetarde.com\/index.php\/wp-json\/wp\/v2\/users\/6"}],"replies":[{"embeddable":true,"href":"https:\/\/corrientesdetarde.com\/index.php\/wp-json\/wp\/v2\/comments?post=77056"}],"version-history":[{"count":1,"href":"https:\/\/corrientesdetarde.com\/index.php\/wp-json\/wp\/v2\/posts\/77056\/revisions"}],"predecessor-version":[{"id":77058,"href":"https:\/\/corrientesdetarde.com\/index.php\/wp-json\/wp\/v2\/posts\/77056\/revisions\/77058"}],"wp:featuredmedia":[{"embeddable":true,"href":"https:\/\/corrientesdetarde.com\/index.php\/wp-json\/wp\/v2\/media\/77057"}],"wp:attachment":[{"href":"https:\/\/corrientesdetarde.com\/index.php\/wp-json\/wp\/v2\/media?parent=77056"}],"wp:term":[{"taxonomy":"category","embeddable":true,"href":"https:\/\/corrientesdetarde.com\/index.php\/wp-json\/wp\/v2\/categories?post=77056"},{"taxonomy":"post_tag","embeddable":true,"href":"https:\/\/corrientesdetarde.com\/index.php\/wp-json\/wp\/v2\/tags?post=77056"}],"curies":[{"name":"wp","href":"https:\/\/api.w.org\/{rel}","templated":true}]}}