{"id":77063,"date":"2023-07-30T19:23:48","date_gmt":"2023-07-30T22:23:48","guid":{"rendered":"https:\/\/corrientesdetarde.com\/?p=77063"},"modified":"2023-07-30T19:23:52","modified_gmt":"2023-07-30T22:23:52","slug":"chubut-aparecieron-balas-sobre-boletas-de-juntos-por-el-cambio","status":"publish","type":"post","link":"https:\/\/corrientesdetarde.com\/index.php\/politica\/chubut-aparecieron-balas-sobre-boletas-de-juntos-por-el-cambio\/","title":{"rendered":"Chubut: aparecieron balas sobre boletas de Juntos por el Cambio."},"content":{"rendered":"\n<h2 class=\"wp-block-heading\">La provincia patag\u00f3nica define gobernador entre el candidato del PRO Ignacio &#8220;Nacho&#8221; Torres y el peronista Juan Pablo Luque. Cobertura minuto a minuto.<\/h2>\n\n\n\n<p>En medio de las elecciones de este domingo en Chubut, en la localidad de Lago Puelo ocurri\u00f3 algo in\u00e9dito: aparecieron balas sobre la boleta encabezada por el candidato Ignacio Torres.<\/p>\n\n\n\n<p>Seg\u00fan se inform\u00f3, el mensaje intimidatorio fue colocado sobre la cara del candidato a intendente por Crecer,\u00a0Ramiro Ibarra.<\/p>\n\n\n\n<p>La denuncia ya fue realizada ante la polic\u00eda&nbsp;y desde Gendarmer\u00eda se llevaron a cabo las acciones correspondientes para identificar al sujeto que realiz\u00f3 la amenaza.<\/p>\n\n\n\n<p>En este marco, Ignacio Torres asegur\u00f3 que: \u201cest\u00e1n nerviosos porque saben que pueden perder despu\u00e9s de 20 a\u00f1os,&nbsp;y lo viven como una guerra. Ya lo vimos en Trelew hace unos d\u00edas. Y ahora esto. Agresiones, amenazas. Los muestra como lo que son y representan\u201d.<\/p>\n\n\n\n<p>En contacto con Infobae dijo:&nbsp;\u201cEs una locura\u201d&nbsp;y coment\u00f3 que ya inform\u00f3 sobre lo sucedido ante el Tribunal Electoral de la provincia.<\/p>\n\n\n\n<p>En tanto, Ramiro Ibarra habl\u00f3 sobre lo sucedido cuando emiti\u00f3 su voto en la escuela 194 de Isla Sur, y lament\u00f3 que \u201ceste tipo de mensaje mafioso pueda ocurrir en el marco de celebrar los 40 a\u00f1os de democracia en el pa\u00eds\u201d.<\/p>\n\n\n\n<p><\/p>\n","protected":false},"excerpt":{"rendered":"<p>La provincia patag\u00f3nica define gobernador entre el candidato del PRO Ignacio &#8220;Nacho&#8221; Torres y el peronista Juan Pablo Luque. Cobertura minuto a minuto. En medio de las elecciones de este&hellip; <\/p>\n","protected":false},"author":6,"featured_media":77064,"comment_status":"closed","ping_status":"open","sticky":false,"template":"","format":"standard","meta":{"footnotes":""},"categories":[3],"tags":[],"class_list":["post-77063","post","type-post","status-publish","format-standard","has-post-thumbnail","hentry","category-politica"],"_links":{"self":[{"href":"https:\/\/corrientesdetarde.com\/index.php\/wp-json\/wp\/v2\/posts\/77063","targetHints":{"allow":["GET"]}}],"collection":[{"href":"https:\/\/corrientesdetarde.com\/index.php\/wp-json\/wp\/v2\/posts"}],"about":[{"href":"https:\/\/corrientesdetarde.com\/index.php\/wp-json\/wp\/v2\/types\/post"}],"author":[{"embeddable":true,"href":"https:\/\/corrientesdetarde.com\/index.php\/wp-json\/wp\/v2\/users\/6"}],"replies":[{"embeddable":true,"href":"https:\/\/corrientesdetarde.com\/index.php\/wp-json\/wp\/v2\/comments?post=77063"}],"version-history":[{"count":1,"href":"https:\/\/corrientesdetarde.com\/index.php\/wp-json\/wp\/v2\/posts\/77063\/revisions"}],"predecessor-version":[{"id":77065,"href":"https:\/\/corrientesdetarde.com\/index.php\/wp-json\/wp\/v2\/posts\/77063\/revisions\/77065"}],"wp:featuredmedia":[{"embeddable":true,"href":"https:\/\/corrientesdetarde.com\/index.php\/wp-json\/wp\/v2\/media\/77064"}],"wp:attachment":[{"href":"https:\/\/corrientesdetarde.com\/index.php\/wp-json\/wp\/v2\/media?parent=77063"}],"wp:term":[{"taxonomy":"category","embeddable":true,"href":"https:\/\/corrientesdetarde.com\/index.php\/wp-json\/wp\/v2\/categories?post=77063"},{"taxonomy":"post_tag","embeddable":true,"href":"https:\/\/corrientesdetarde.com\/index.php\/wp-json\/wp\/v2\/tags?post=77063"}],"curies":[{"name":"wp","href":"https:\/\/api.w.org\/{rel}","templated":true}]}}