{"id":77128,"date":"2023-07-30T22:56:26","date_gmt":"2023-07-31T01:56:26","guid":{"rendered":"https:\/\/corrientesdetarde.com\/?p=77128"},"modified":"2023-07-30T23:01:22","modified_gmt":"2023-07-31T02:01:22","slug":"bullrich-y-larreta-saludaron-por-separado-al-nuevo-gobernador-de-chubut","status":"publish","type":"post","link":"https:\/\/corrientesdetarde.com\/index.php\/nacionales\/bullrich-y-larreta-saludaron-por-separado-al-nuevo-gobernador-de-chubut\/","title":{"rendered":"BULLRICH Y LARRETA SALUDARON POR SEPARADO AL NUEVO GOBERNADOR DE CHUBUT"},"content":{"rendered":"\n<p>(Corresponsalia Chubut) &#8211; A pesar de que ambos viajaron a Trelew, Horacio Rodr\u00edguez Larreta y Patricia Bullrich evitaron cruzarse. Cada uno tuvo su encuentro, por separado y en un lapso de minutos, con Ignacio Torres, el candidato a gobernador de Juntos por el Cambio, quien hasta las 21.30 lider\u00f3 la elecci\u00f3n con una ventaja de siete puntos sobre Juan Pablo Luque, con el 34 % de los votos escrutados.<\/p>\n\n\n\n<p>Tanto Larreta como Bullrich llegaron en vuelos diferentes, con sus respectivas comitivas, y se acercaron para saludar a Torres. El candidato visit\u00f3 el Hotel Rayentray para encontrarse con el ex ministra de Seguridad y poco despu\u00e9s se reuni\u00f3 con el jefe de Gobierno porte\u00f1o en un bar del centro.<\/p>\n\n\n\n<p>SE ACHICA LA DIFERENCIA PERO SE MANTIENE LA POSICION<\/p>\n\n\n\n<p>El candidato a gobernador de Chubut de Juntos por el Cambio, Ignacio Torres, se impon\u00eda esta noche en las elecciones provinciales con el 36,36% de los votos y superaba por poco m\u00e1s de 4 puntos al postulante de Arriba Chubut, Juan Pablo Luque (32,10%), de acuerdo a los datos del escrutinio provisorio.<\/p>\n\n\n\n<p>Con el 52,33% de mesas escrutadas, en tercer lugar se encontraba C\u00e9sar Treffinger, aliado del libertario Javier Milei, de la alianza &#8220;Por la Libertad Independiente Chubutense&#8221;, con 14,16% de sufragios.<\/p>\n\n\n\n<p>En tanto, 4,53% de los votantes eligi\u00f3 a Emilse Saavedra, del Frente de Izquierda, mientras que 10,50% vot\u00f3 en blanco, seg\u00fan inform\u00f3 la justicia electoral de Chubut.<\/p>\n","protected":false},"excerpt":{"rendered":"<p>(Corresponsalia Chubut) &#8211; A pesar de que ambos viajaron a Trelew, Horacio Rodr\u00edguez Larreta y Patricia Bullrich evitaron cruzarse. Cada uno tuvo su encuentro, por separado y en un lapso&hellip; <\/p>\n","protected":false},"author":11,"featured_media":77129,"comment_status":"closed","ping_status":"open","sticky":false,"template":"","format":"standard","meta":{"footnotes":""},"categories":[10],"tags":[83,920,526,922],"class_list":["post-77128","post","type-post","status-publish","format-standard","has-post-thumbnail","hentry","category-nacionales","tag-bullrich","tag-chubut","tag-larreta","tag-torres"],"_links":{"self":[{"href":"https:\/\/corrientesdetarde.com\/index.php\/wp-json\/wp\/v2\/posts\/77128","targetHints":{"allow":["GET"]}}],"collection":[{"href":"https:\/\/corrientesdetarde.com\/index.php\/wp-json\/wp\/v2\/posts"}],"about":[{"href":"https:\/\/corrientesdetarde.com\/index.php\/wp-json\/wp\/v2\/types\/post"}],"author":[{"embeddable":true,"href":"https:\/\/corrientesdetarde.com\/index.php\/wp-json\/wp\/v2\/users\/11"}],"replies":[{"embeddable":true,"href":"https:\/\/corrientesdetarde.com\/index.php\/wp-json\/wp\/v2\/comments?post=77128"}],"version-history":[{"count":2,"href":"https:\/\/corrientesdetarde.com\/index.php\/wp-json\/wp\/v2\/posts\/77128\/revisions"}],"predecessor-version":[{"id":77131,"href":"https:\/\/corrientesdetarde.com\/index.php\/wp-json\/wp\/v2\/posts\/77128\/revisions\/77131"}],"wp:featuredmedia":[{"embeddable":true,"href":"https:\/\/corrientesdetarde.com\/index.php\/wp-json\/wp\/v2\/media\/77129"}],"wp:attachment":[{"href":"https:\/\/corrientesdetarde.com\/index.php\/wp-json\/wp\/v2\/media?parent=77128"}],"wp:term":[{"taxonomy":"category","embeddable":true,"href":"https:\/\/corrientesdetarde.com\/index.php\/wp-json\/wp\/v2\/categories?post=77128"},{"taxonomy":"post_tag","embeddable":true,"href":"https:\/\/corrientesdetarde.com\/index.php\/wp-json\/wp\/v2\/tags?post=77128"}],"curies":[{"name":"wp","href":"https:\/\/api.w.org\/{rel}","templated":true}]}}