{"id":77134,"date":"2023-07-31T08:10:50","date_gmt":"2023-07-31T11:10:50","guid":{"rendered":"https:\/\/corrientesdetarde.com\/?p=77134"},"modified":"2023-07-31T08:11:01","modified_gmt":"2023-07-31T11:11:01","slug":"carlos-layoy-alcanzo-el-oro-en-san-pablo","status":"publish","type":"post","link":"https:\/\/corrientesdetarde.com\/index.php\/deportes\/carlos-layoy-alcanzo-el-oro-en-san-pablo\/","title":{"rendered":"Carlos Layoy alcanz\u00f3 el oro en San Pablo"},"content":{"rendered":"\n<p>Layoy, oriundo de Paso de los Libres, gan\u00f3 la medalla de oro en la prueba de salto en alto con una marca de 2,23 metros.<\/p>\n\n\n\n<p>El correntino de 32 a\u00f1os, campe\u00f3n Iberoamericano 2018 y tercero en el Sudamericano de Guayaquil, Ecuador, 2021, tiene el r\u00e9cord argentino junto a Fernando Pastoriza y Erasmo Jara (2,25 metros).<\/p>\n\n\n\n<p>As\u00ed, Argentina alcanz\u00f3 las seis medallas de oro en el torneo luego de las que ganaron el santafesino Germ\u00e1n Chiaraviglio, finalista en salto con garrocha en los Juegos Ol\u00edmpicos de Rio de Janeiro 2016 y en el Mundial Beijing, China, 2015; Luna y el marplatense Diego Lacamoire en sus respectivas pruebas de 1.500 metros llanos y el entrerriano Juli\u00e1n Molina en 3.000 metros con obst\u00e1culos.<\/p>\n\n\n\n<p>Adem\u00e1s, los argentinos Pedro Emmert, De Genaro, Juli\u00e1n Gaviola y Eli\u00e1n Larregina obtuvieron el bronce en la posta de 4&#215;400 metros.<\/p>\n\n\n\n<p>Por otro lado, la porte\u00f1a Fedra Luna, tambi\u00e9n logr\u00f3 la medalla de oro en 5.000 metros, en la \u00faltima jornada de la competencia. En tanto que los entrerrianos Nazareno Sasia, en lanzamiento de bala y Juli\u00e1n Molina, en 5.000 metros y el puntano Bruno de Genaro, en 400 con vallas, conquistaron preseas de plata.<\/p>\n\n\n\n<p>Luna, quien obtuvo la presea de oro en 1.500 metros el viernes pasado, gan\u00f3 su segunda medalla dorada en el certamen al vencer en la prueba de 5.000 metros con un tiempo de 16m 06s\/100.<\/p>\n\n\n\n<p>Luna, nacida en julio de 1995, que conquist\u00f3 las medallas de oro en las pruebas de 1.500 y 5.000 metros en los Juegos Odesur de Paraguay 2022, fue subcampeona Iberoamericana en Alicante, Espa\u00f1a, 2022 en 5.000 metros.<\/p>\n\n\n\n<p>Adem\u00e1s, el entrerriano Nazareno Sasia, ganador de la medalla de oro en los Juegos Ol\u00edmpicos de la Juventud de Buenos Aires 2018 en lanzamiento de bala, obtuvo ayer, con un registro de 19,75 metros, la presea de plata, al igual que el puntano Bruno de Genaro en 400 metros con vallas (50s 35\/100).<\/p>\n\n\n\n<p>Y el entrerriano Juli\u00e1n Molina, quien el s\u00e1bado conquist\u00f3 el oro en la prueba de 3.000 metros con obst\u00e1culos, gan\u00f3 hoy la presea de plata en 5.000 metros con un tiempo de 13m 55s 75\/100.<\/p>\n\n\n\n<p>Por \u00faltimo, los argentinos Pedro Emmert, De Genaro, Juli\u00e1n Gaviola y Eli\u00e1n Larregina obtuvieron la medalla de bronce la posta de 4&#215;400 metros con un tiempo de 3m 05s 76\/100.<\/p>\n\n\n\n<p>Argentina finaliz\u00f3 en el tercer puesto con seis medallas de oro, cuatro de plata y cuatro de bronce, detr\u00e1s de Colombia (7-10-9) y Brasil, que concluy\u00f3 en la primera posici\u00f3n con 19-15-10.<\/p>\n","protected":false},"excerpt":{"rendered":"<p>Layoy, oriundo de Paso de los Libres, gan\u00f3 la medalla de oro en la prueba de salto en alto con una marca de 2,23 metros. El correntino de 32 a\u00f1os,&hellip; <\/p>\n","protected":false},"author":1,"featured_media":77138,"comment_status":"closed","ping_status":"open","sticky":false,"template":"","format":"standard","meta":{"footnotes":""},"categories":[4],"tags":[],"class_list":["post-77134","post","type-post","status-publish","format-standard","has-post-thumbnail","hentry","category-deportes"],"_links":{"self":[{"href":"https:\/\/corrientesdetarde.com\/index.php\/wp-json\/wp\/v2\/posts\/77134","targetHints":{"allow":["GET"]}}],"collection":[{"href":"https:\/\/corrientesdetarde.com\/index.php\/wp-json\/wp\/v2\/posts"}],"about":[{"href":"https:\/\/corrientesdetarde.com\/index.php\/wp-json\/wp\/v2\/types\/post"}],"author":[{"embeddable":true,"href":"https:\/\/corrientesdetarde.com\/index.php\/wp-json\/wp\/v2\/users\/1"}],"replies":[{"embeddable":true,"href":"https:\/\/corrientesdetarde.com\/index.php\/wp-json\/wp\/v2\/comments?post=77134"}],"version-history":[{"count":1,"href":"https:\/\/corrientesdetarde.com\/index.php\/wp-json\/wp\/v2\/posts\/77134\/revisions"}],"predecessor-version":[{"id":77139,"href":"https:\/\/corrientesdetarde.com\/index.php\/wp-json\/wp\/v2\/posts\/77134\/revisions\/77139"}],"wp:featuredmedia":[{"embeddable":true,"href":"https:\/\/corrientesdetarde.com\/index.php\/wp-json\/wp\/v2\/media\/77138"}],"wp:attachment":[{"href":"https:\/\/corrientesdetarde.com\/index.php\/wp-json\/wp\/v2\/media?parent=77134"}],"wp:term":[{"taxonomy":"category","embeddable":true,"href":"https:\/\/corrientesdetarde.com\/index.php\/wp-json\/wp\/v2\/categories?post=77134"},{"taxonomy":"post_tag","embeddable":true,"href":"https:\/\/corrientesdetarde.com\/index.php\/wp-json\/wp\/v2\/tags?post=77134"}],"curies":[{"name":"wp","href":"https:\/\/api.w.org\/{rel}","templated":true}]}}