{"id":77135,"date":"2023-07-31T08:09:28","date_gmt":"2023-07-31T11:09:28","guid":{"rendered":"https:\/\/corrientesdetarde.com\/?p=77135"},"modified":"2023-07-31T08:09:39","modified_gmt":"2023-07-31T11:09:39","slug":"una-joven-de-19-anos-y-una-adolescente-de-15-heridas-en-robos-una-ladrona-detenida-y-dos-profugos","status":"publish","type":"post","link":"https:\/\/corrientesdetarde.com\/index.php\/policiales\/una-joven-de-19-anos-y-una-adolescente-de-15-heridas-en-robos-una-ladrona-detenida-y-dos-profugos\/","title":{"rendered":"Una joven de 19 a\u00f1os y una adolescente de 15 heridas en robos, una ladrona detenida y dos pr\u00f3fugos"},"content":{"rendered":"\n<p>Una joven de 19 a\u00f1os y una adolescente de 15 sufrieron diversas heridas como consecuencia de dos ataques de motochorros en la capital de Corrientes. Por uno de los casos, entre un grupo de vecinas redujeron a una ladrona, c\u00f3mplice de un hombre que escap\u00f3 en motocicleta, dej\u00e1ndola abandonada y a su suerte.<\/p>\n\n\n\n<p>En tanto, en relaci\u00f3n al delito cometido en contra de la menor de edad, la Polic\u00eda contaba con registros de im\u00e1genes en procura de identificar a un malviviente, movilizado en una motocicleta de alta cilindrada.<\/p>\n\n\n\n<p>Aparte de ambos hechos, en la ciudad tambi\u00e9n se registr\u00f3 el asalto a una mujer embarazada de ocho meses y delante de su hija de siete a\u00f1os, en la puerta de su casa. El malviviente que las sorprendi\u00f3 escap\u00f3 corriendo y la peque\u00f1a sufri\u00f3 un shock nervioso del cual a\u00fan le cuesta reponerse.<\/p>\n\n\n\n<p>El primero de los sucesos criminales tuvo como escenario a la esquina de las calles Esteban Bajaj y Thelier del barrio Quinta Ferr\u00e9. All\u00ed, a eso de las 12 de anteayer, una chica de 19 a\u00f1os caminaba en direcci\u00f3n a su domicilio cuando fue agredida desde atr\u00e1s por una pareja motochorra.<\/p>\n\n\n<div class=\"wp-block-image\">\n<figure class=\"alignright\"><img decoding=\"async\" src=\"https:\/\/www.diarioepoca.com\/content\/bucket\/4\/1311304w380h290c.jpg.webp\" alt=\"\"\/><figcaption>ESTEBAN BAJAC Y THELIER, ESCENARIO DEL ARREBATO FRUSTRADO A UNA VECINA.<\/figcaption><\/figure>\n<\/div>\n\n\n<p>Un hombre y una mujer, con tal de consumar el robo de un tel\u00e9fono celular Samsung modelo A-11, atropellaron a su v\u00edctima y provocaron su fuerte ca\u00edda al piso.<\/p>\n\n\n\n<p>En el momento en que se dispon\u00edan a escapar, comenzaron a llegar los vecinos. El ladr\u00f3n que manejaba la motocicleta 110 roja, sin patente, alcanz\u00f3 a huir a alta velocidad.<\/p>\n\n\n\n<p>Sin embargo, su c\u00f3mplice no pudo esquivar a una turba de personas enfurecidas que redujo a la malviviente de siglas M. J. E., de 22 a\u00f1os.<\/p>\n\n\n\n<p>Entre cuatro mujeres comenzaron a sujetarla de los cabellos contra la pared de una vivienda. A la vez, llamaron a la Polic\u00eda.<\/p>\n\n\n\n<p>Efectivos de la comisar\u00eda seccional Und\u00e9cima acudieron al escenario de los hechos y concretaron la detenci\u00f3n de la sindicada malviviente.<\/p>\n\n\n\n<p>El aparato de telefon\u00eda fue recuperado por parte de los vecinos en la corta persecuci\u00f3n a la pareja de motochorros.<\/p>\n\n\n<div class=\"wp-block-image\">\n<figure class=\"alignleft\"><img decoding=\"async\" src=\"https:\/\/www.diarioepoca.com\/content\/bucket\/5\/1311305w380h352c.jpg.webp\" alt=\"\"\/><figcaption>PRESUNTO DELINCUENTE QUE HIRI\u00d3 A UNA MENOR.<\/figcaption><\/figure>\n<\/div>\n\n\n<p>Como consecuencia de la embestida con la moto, la jovencita de 19 a\u00f1os result\u00f3 lastimada en la rodilla izquierda, labios y dedos de ambas manos. Debido a las lesiones, fue trasladada al Hospital Escuela.<\/p>\n\n\n\n<p>La detenida fue encerrada en la comisar\u00eda de la Mujer y el Menor 2 e imputada en el delito de &#8220;robo en grado de tentativa&#8221;.<\/p>\n\n\n\n<p>Por otra parte, en el barrio Mercedita Collantes, una adolescente de 15 a\u00f1os result\u00f3 lastimada en la cabeza cuando un motochorro la arroj\u00f3 al piso.<\/p>\n\n\n\n<p>La agresi\u00f3n fue cometida con la finalidad de sustraer una termera mientras la menor estaba en una parada de colectivos, en la esquina de calles Las Margaritas y Los Alel\u00edes.<\/p>\n\n\n<div class=\"wp-block-image\">\n<figure class=\"alignright\"><img decoding=\"async\" src=\"https:\/\/www.diarioepoca.com\/content\/bucket\/7\/1311307w380h352c.jpg.webp\" alt=\"\"\/><figcaption>EL CELULAR QUE PRETEND\u00cdA SUSTRAER LA PAREJA.<\/figcaption><\/figure>\n<\/div>\n\n\n<p>Vecinos socorrieron a la jovencita. Al rato, en una ambulancia personal de la Direcci\u00f3n de Emergencias Sanitarias, se determin\u00f3 el traslado de la paciente al hospital pedi\u00e1trico Juan Pablo II. Al nosocomio ingres\u00f3 con un &#8220;traumatismo de cr\u00e1neo&#8221;, aunque para su fortuna la lesi\u00f3n ser\u00eda considerada como &#8220;leve&#8221;.<\/p>\n\n\n\n<p>C\u00e1maras de seguridad privadas captaron el paso del presunto malviviente. Seg\u00fan las im\u00e1genes, se trata de un hombre que manejaba una motocicleta tipo cross, aparentemente Honda Tornado 250, con el rostro semicubierto con una gorra.<\/p>\n\n\n\n<p>En la causa intervino la comisar\u00eda seccional Novena.<\/p>\n\n\n\n<h2 class=\"wp-block-heading\">Embarazada<\/h2>\n\n\n<div class=\"wp-block-image\">\n<figure class=\"alignleft\"><img decoding=\"async\" src=\"https:\/\/www.diarioepoca.com\/content\/bucket\/2\/1311342w380h374c.jpg.webp\" alt=\"\"\/><\/figure>\n<\/div>\n\n\n<p><br>En el barrio Santa Rosa, una mujer embarazada de ocho meses fue damnificada en un robo delante de su casa y en presencia de su hija de siete a\u00f1os.<\/p>\n\n\n\n<p>Un malviviente las sorprendi\u00f3 cuando ascend\u00edan a un autom\u00f3vil y de manera violenta sustrajo una mochila cargada de diversos art\u00edculos y documentaciones de relevancia.<\/p>\n\n\n\n<p>&#8220;Me robaron documentos, tarjetas de cr\u00e9dito, carnet de conducir, chequera de embarazo, ficha de embarazo, carnet de vacunaci\u00f3n de adulto y de una menor&#8221;, dijo Cristina, la v\u00edctima.<\/p>\n\n\n\n<p>&#8220;Me sac\u00f3 la mochila, estoy embarazada de ocho meses y no pude hacer nada&#8221;, explic\u00f3 la mujer sobre lo sucedido en calle Gobernador Loza casi Lavalle.<\/p>\n","protected":false},"excerpt":{"rendered":"<p>Una joven de 19 a\u00f1os y una adolescente de 15 sufrieron diversas heridas como consecuencia de dos ataques de motochorros en la capital de Corrientes. Por uno de los casos,&hellip; <\/p>\n","protected":false},"author":1,"featured_media":77136,"comment_status":"closed","ping_status":"open","sticky":false,"template":"","format":"standard","meta":{"footnotes":""},"categories":[33],"tags":[],"class_list":["post-77135","post","type-post","status-publish","format-standard","has-post-thumbnail","hentry","category-policiales"],"_links":{"self":[{"href":"https:\/\/corrientesdetarde.com\/index.php\/wp-json\/wp\/v2\/posts\/77135","targetHints":{"allow":["GET"]}}],"collection":[{"href":"https:\/\/corrientesdetarde.com\/index.php\/wp-json\/wp\/v2\/posts"}],"about":[{"href":"https:\/\/corrientesdetarde.com\/index.php\/wp-json\/wp\/v2\/types\/post"}],"author":[{"embeddable":true,"href":"https:\/\/corrientesdetarde.com\/index.php\/wp-json\/wp\/v2\/users\/1"}],"replies":[{"embeddable":true,"href":"https:\/\/corrientesdetarde.com\/index.php\/wp-json\/wp\/v2\/comments?post=77135"}],"version-history":[{"count":1,"href":"https:\/\/corrientesdetarde.com\/index.php\/wp-json\/wp\/v2\/posts\/77135\/revisions"}],"predecessor-version":[{"id":77137,"href":"https:\/\/corrientesdetarde.com\/index.php\/wp-json\/wp\/v2\/posts\/77135\/revisions\/77137"}],"wp:featuredmedia":[{"embeddable":true,"href":"https:\/\/corrientesdetarde.com\/index.php\/wp-json\/wp\/v2\/media\/77136"}],"wp:attachment":[{"href":"https:\/\/corrientesdetarde.com\/index.php\/wp-json\/wp\/v2\/media?parent=77135"}],"wp:term":[{"taxonomy":"category","embeddable":true,"href":"https:\/\/corrientesdetarde.com\/index.php\/wp-json\/wp\/v2\/categories?post=77135"},{"taxonomy":"post_tag","embeddable":true,"href":"https:\/\/corrientesdetarde.com\/index.php\/wp-json\/wp\/v2\/tags?post=77135"}],"curies":[{"name":"wp","href":"https:\/\/api.w.org\/{rel}","templated":true}]}}