{"id":77144,"date":"2023-07-31T08:18:16","date_gmt":"2023-07-31T11:18:16","guid":{"rendered":"https:\/\/corrientesdetarde.com\/?p=77144"},"modified":"2023-07-31T08:18:18","modified_gmt":"2023-07-31T11:18:18","slug":"tras-la-separacion-de-rosalia-crecen-los-rumores-de-romance-entre-rauw-alejandro-y-camila-cabello","status":"publish","type":"post","link":"https:\/\/corrientesdetarde.com\/index.php\/espectaculos\/tras-la-separacion-de-rosalia-crecen-los-rumores-de-romance-entre-rauw-alejandro-y-camila-cabello\/","title":{"rendered":"Tras la separaci\u00f3n de Rosal\u00eda, crecen los rumores de romance entre Rauw Alejandro y Camila Cabello"},"content":{"rendered":"\n<p>En los \u00faltimos d\u00edas, Rosal\u00eda y Rauw Alejandro confirmaron que le pusieron fin a su relaci\u00f3n tras tres a\u00f1os juntos y una boda en camino. Esta decisi\u00f3n no solo tom\u00f3 por sorpresa a todos sus fans sino que tambi\u00e9n los dej\u00f3 muy triste. Como era de esperarse, las versiones de infidelidad por parte del cantante puertorrique\u00f1o no tardaron en aparecer.<br>Las acusaciones apuntan hacia el cantante, se\u00f1al\u00e1ndolo de haber traicionado a Rosal\u00eda con la modelo Valeria Duque. Sin embargo, tanto la espa\u00f1ola como Rauw Alejandro se pronunciaron en medio del esc\u00e1ndalo para negar esta informaci\u00f3n.<br>&nbsp;&nbsp;<br>&nbsp;<br>Sin embargo, una usuaria de Twitter comparti\u00f3 una teor\u00eda en la que afirma que la supuesta infidelidad pudo haber sido con la cantante Camila Cabello. Si bien solo son especulaciones, las redes sociales comenzaron a hablar de esto y a sacar conclusiones.<\/p>\n\n\n\n<p><br>Las sospechas nacieron porque Rauw Alejandro y Camila Cabello son amigos muy cercanos y se los vi\u00f3 juntos en fiestas, partidos de f\u00fatbol y algunos lugares p\u00fablicos. Una usuaria en Twitter hizo una recopilaci\u00f3n de fotograf\u00edas en donde se pueden ver al puertorrique\u00f1o y a la int\u00e9rprete cubana compartiendo en diferentes momentos, evidenciando la buena onda y qu\u00edmica que hay entre ellos.<\/p>\n\n\n\n<p>&#8220;A ra\u00edz de la infidelidad hacia Rosal\u00eda muchos se han concentrado en Valeria Duque, pero Camila Cabello y Rauw Alejandro han estado muy juntos estos d\u00edas&#8221;, escribi\u00f3 dicho perfil, junto a las im\u00e1genes de las supuestas pruebas.<\/p>\n","protected":false},"excerpt":{"rendered":"<p>En los \u00faltimos d\u00edas, Rosal\u00eda y Rauw Alejandro confirmaron que le pusieron fin a su relaci\u00f3n tras tres a\u00f1os juntos y una boda en camino. Esta decisi\u00f3n no solo tom\u00f3&hellip; <\/p>\n","protected":false},"author":1,"featured_media":77151,"comment_status":"closed","ping_status":"open","sticky":false,"template":"","format":"standard","meta":{"footnotes":""},"categories":[19],"tags":[],"class_list":["post-77144","post","type-post","status-publish","format-standard","has-post-thumbnail","hentry","category-espectaculos"],"_links":{"self":[{"href":"https:\/\/corrientesdetarde.com\/index.php\/wp-json\/wp\/v2\/posts\/77144","targetHints":{"allow":["GET"]}}],"collection":[{"href":"https:\/\/corrientesdetarde.com\/index.php\/wp-json\/wp\/v2\/posts"}],"about":[{"href":"https:\/\/corrientesdetarde.com\/index.php\/wp-json\/wp\/v2\/types\/post"}],"author":[{"embeddable":true,"href":"https:\/\/corrientesdetarde.com\/index.php\/wp-json\/wp\/v2\/users\/1"}],"replies":[{"embeddable":true,"href":"https:\/\/corrientesdetarde.com\/index.php\/wp-json\/wp\/v2\/comments?post=77144"}],"version-history":[{"count":1,"href":"https:\/\/corrientesdetarde.com\/index.php\/wp-json\/wp\/v2\/posts\/77144\/revisions"}],"predecessor-version":[{"id":77152,"href":"https:\/\/corrientesdetarde.com\/index.php\/wp-json\/wp\/v2\/posts\/77144\/revisions\/77152"}],"wp:featuredmedia":[{"embeddable":true,"href":"https:\/\/corrientesdetarde.com\/index.php\/wp-json\/wp\/v2\/media\/77151"}],"wp:attachment":[{"href":"https:\/\/corrientesdetarde.com\/index.php\/wp-json\/wp\/v2\/media?parent=77144"}],"wp:term":[{"taxonomy":"category","embeddable":true,"href":"https:\/\/corrientesdetarde.com\/index.php\/wp-json\/wp\/v2\/categories?post=77144"},{"taxonomy":"post_tag","embeddable":true,"href":"https:\/\/corrientesdetarde.com\/index.php\/wp-json\/wp\/v2\/tags?post=77144"}],"curies":[{"name":"wp","href":"https:\/\/api.w.org\/{rel}","templated":true}]}}