{"id":77145,"date":"2023-07-31T08:17:04","date_gmt":"2023-07-31T11:17:04","guid":{"rendered":"https:\/\/corrientesdetarde.com\/?p=77145"},"modified":"2023-07-31T08:17:07","modified_gmt":"2023-07-31T11:17:07","slug":"intensificaran-las-recorridas-en-los-ultimos-diez-dias-de-campana","status":"publish","type":"post","link":"https:\/\/corrientesdetarde.com\/index.php\/politica\/intensificaran-las-recorridas-en-los-ultimos-diez-dias-de-campana\/","title":{"rendered":"intensificar\u00e1n las recorridas en los \u00faltimos diez d\u00edas de campa\u00f1a"},"content":{"rendered":"\n<p>A contra reloj se ajustan las agendas de campa\u00f1a en cada una de las alianzas y partidos que participar\u00e1n de las Primarias Abiertas, Simult\u00e1neas y Obligatorias (PASO).<\/p>\n\n\n\n<p>Para el 13 de agosto ya no queda nada y para el final de las acciones proselitistas solo habr\u00e1 diez d\u00edas m\u00e1s, hasta los actos de cierre. Por eso, empiezan a pisar el acelerador en la verdadera recta final de unas PASO que vienen bastante chispeante en Juntos por el Cambio, por los cruces entre los dos precandidatos presidenciales de peso que finalmente dirimir\u00e1n la interna para consagrar a un candidato o candidata a la Presidencia. Esto es, Horacio Rodr\u00edguez Larreta o Patricia Bullrich.<\/p>\n\n\n\n<p>En el caso de Uni\u00f3n por la Patria (el ex Frente de Todos), el objetivo central es mantener la unidad interna y lograr consolidar un escenario en que la f\u00f3rmula Sergio Massa-Agust\u00edn Rossi sea la m\u00e1s votada individualmente. Eso le dar\u00e1 un buen plaf\u00f3n para atravesar los dos meses que distar\u00e1n de las Generales del 22 de octubre. Obviamente, habr\u00e1 m\u00faltiples factores m\u00e1s que ser\u00e1n tambi\u00e9n determinantes en ese lapso, especialmente de naturaleza econ\u00f3mica.<\/p>\n\n\n\n<p>En JXC la idea es definir el mano a mano sin romper la unidad y en la misma noche del 13 de agosto -tras conocerse los resultados- ya mostrarse juntos, sin rencores y en busca de aspirar a mantener la sumatoria de votos de ambos sectores en que se dividieron para la interna. De esa forma, podr\u00e1n pensar en un triunfo en primera vuelta en octubre, m\u00e1s all\u00e1 de que ambos precandidatos no sean los m\u00e1s votados de las PASO. Llegar unidos y bien afirmados a las Generales es la principal meta en esta coalici\u00f3n.<\/p>\n\n\n\n<p>Mientras tanto, en Corrientes las listas \u00fanicas de precandidatos a diputados nacionales les restan presi\u00f3n en lo netamente local. Por eso, arremangados para traccionar votos a las f\u00f3rmulas presidenciales es la base de esta campa\u00f1a que reci\u00e9n se reactiv\u00f3 despu\u00e9s del receso invernal. Hasta este final de julio la cosa ven\u00eda bastante aletargada. Las visitas de precandidatos nacionales dieron el impulso necesario para que empiece a sentirse un ambiente electoral.<\/p>\n\n\n\n<h2 class=\"wp-block-heading\">Visita de Randazzo<\/h2>\n\n\n\n<p>En este sentido, se anunci\u00f3 que este mi\u00e9rcoles 2 -a las 13:30- el precandidato a vicepresidente Florencio Randazzo (quien acompa\u00f1a a Juan Schiaretti) visitar\u00e1 el Centro Tecnol\u00f3gico Foresto Industrial de Gobernador Virasoro. As\u00ed lo inform\u00f3 en sus redes sociales Elvira Miranda, precandidata a diputada nacional por la Lista 502B, Foro Social, que va con la boleta &#8220;Hacemos por Nuestro Pa\u00eds&#8221;.<\/p>\n\n\n\n<p>Lo cierto es que los trabajos de campa\u00f1a se despliegan en dos escenarios: el local y el provincial. Esto es, se trabaja focalizado en el territorio que le toca a cada precandidato; a la vez, se unifican jornadas de labor territorial conjunta con todos los postulantes en una localidad espec\u00edfica o barrio.<\/p>\n\n\n\n<p>Al menos as\u00ed est\u00e1 trabajando Uni\u00f3n por la Patria. Por ejemplo: hoy los precandidatos har\u00e1n actividades en sus territorios; mientras que el martes y mi\u00e9rcoles confluir\u00e1n en Capital con caminatas y operativos barriales; el jueves, vuelven a territorio y el viernes, s\u00e1bado y domingo desplegar\u00e1n un intenso recorrido por Paso de los Libres, Monte Caseros, Mocoret\u00e1 y municipios cercanos.<\/p>\n\n\n\n<p>En este sentido, los precandidatos a diputados nacionales por UXP tienen agendado para esta semana reuniones con vecinos de distintos barrios capitalinos. Seg\u00fan adelantaron, estar\u00edan en el barrio Esperanza y luego mantendr\u00edan un encuentro con vecinos y militantes de la vecina localidad de Riachuelo.<\/p>\n\n\n\n<p>Para ma\u00f1ana diagramaron una recorrida de candidatos con boleteo en el San Roque Oeste, por la ma\u00f1ana, y una actividad similar en la tarde con todos los precandidatos en el barrio Serantes.<\/p>\n\n\n\n<p>En las filas de ECO+Vamos Corrientes \u2013 Juntos por el Cambio, el fin de semana se coordinaron accione proselitistas en zonas espec\u00edficas, para reforzar sectores en que a\u00fan no alcanzaron a llegar con la campa\u00f1a.<\/p>\n\n\n\n<p>El sector a\u00fan viene impulsado por las visitas que la semana pasada hicieron a Corrientes los dos principales precandidatos a presidente por JXC: Patricia Bullrich, el martes en Capital, y Horacio Rodr\u00edguez Larreta, el viernes en Ituzaing\u00f3.<\/p>\n\n\n\n<p>Con esa propulsi\u00f3n encaran los \u00faltimos diez d\u00edas de campa\u00f1a rumbo a los actos de cierre del jueves 10 de agosto.<\/p>\n\n\n\n<p>Lo mismo para los dem\u00e1s partidos y frentes que participan de estas Primarias Abiertas, Simult\u00e1neas y Obligatorias 2023.<\/p>\n","protected":false},"excerpt":{"rendered":"<p>A contra reloj se ajustan las agendas de campa\u00f1a en cada una de las alianzas y partidos que participar\u00e1n de las Primarias Abiertas, Simult\u00e1neas y Obligatorias (PASO). Para el 13&hellip; <\/p>\n","protected":false},"author":1,"featured_media":77149,"comment_status":"closed","ping_status":"open","sticky":false,"template":"","format":"standard","meta":{"footnotes":""},"categories":[3,17],"tags":[],"class_list":["post-77145","post","type-post","status-publish","format-standard","has-post-thumbnail","hentry","category-politica","category-sociales"],"_links":{"self":[{"href":"https:\/\/corrientesdetarde.com\/index.php\/wp-json\/wp\/v2\/posts\/77145","targetHints":{"allow":["GET"]}}],"collection":[{"href":"https:\/\/corrientesdetarde.com\/index.php\/wp-json\/wp\/v2\/posts"}],"about":[{"href":"https:\/\/corrientesdetarde.com\/index.php\/wp-json\/wp\/v2\/types\/post"}],"author":[{"embeddable":true,"href":"https:\/\/corrientesdetarde.com\/index.php\/wp-json\/wp\/v2\/users\/1"}],"replies":[{"embeddable":true,"href":"https:\/\/corrientesdetarde.com\/index.php\/wp-json\/wp\/v2\/comments?post=77145"}],"version-history":[{"count":1,"href":"https:\/\/corrientesdetarde.com\/index.php\/wp-json\/wp\/v2\/posts\/77145\/revisions"}],"predecessor-version":[{"id":77150,"href":"https:\/\/corrientesdetarde.com\/index.php\/wp-json\/wp\/v2\/posts\/77145\/revisions\/77150"}],"wp:featuredmedia":[{"embeddable":true,"href":"https:\/\/corrientesdetarde.com\/index.php\/wp-json\/wp\/v2\/media\/77149"}],"wp:attachment":[{"href":"https:\/\/corrientesdetarde.com\/index.php\/wp-json\/wp\/v2\/media?parent=77145"}],"wp:term":[{"taxonomy":"category","embeddable":true,"href":"https:\/\/corrientesdetarde.com\/index.php\/wp-json\/wp\/v2\/categories?post=77145"},{"taxonomy":"post_tag","embeddable":true,"href":"https:\/\/corrientesdetarde.com\/index.php\/wp-json\/wp\/v2\/tags?post=77145"}],"curies":[{"name":"wp","href":"https:\/\/api.w.org\/{rel}","templated":true}]}}