{"id":77146,"date":"2023-07-31T08:14:43","date_gmt":"2023-07-31T11:14:43","guid":{"rendered":"https:\/\/corrientesdetarde.com\/?p=77146"},"modified":"2023-07-31T08:14:54","modified_gmt":"2023-07-31T11:14:54","slug":"inseguridad-le-balearon-el-auto-cuando-iba-a-trabajar","status":"publish","type":"post","link":"https:\/\/corrientesdetarde.com\/index.php\/policiales\/inseguridad-le-balearon-el-auto-cuando-iba-a-trabajar\/","title":{"rendered":"Inseguridad: Le balearon el auto cuando iba a trabajar"},"content":{"rendered":"\n<p>Un hombre sali\u00f3 ileso de milagro en la madrugada de ayer, luego de sufrir un violento ataque a balazos por parte de dos malvivientes que lo hab\u00edan detenido a punta de pistola en inmediaciones del barrio La Olla. Quisieron robarle el auto y cuando la v\u00edctima se neg\u00f3, abrieron fuego contra el veh\u00edculo. Uno de los balazos ingres\u00f3 por la ventanilla del conductor y por suerte no lo hiri\u00f3, permiti\u00e9ndole escapar r\u00e1pidamente del lugar.<\/p>\n\n\n\n<p>La v\u00edctima, de nombre Javier, y quien mantuvo un contacto con el portal digital Siempre Corrientes, mencion\u00f3 que el hecho ocurri\u00f3 alrededor de las 5:30 del s\u00e1bado, cuando se dirig\u00eda hacia su trabajo y circulaba por inmediaciones de la avenida Cartagena y vio cruzarse repentinamente sobre la calzada a dos j\u00f3venes con las manos hacia adelante, lo que le provoc\u00f3 inicialmente un gran susto, ya que no entend\u00eda lo que ocurr\u00eda.<\/p>\n\n\n\n<p>&#8220;Fue en la intersecci\u00f3n con calle Las Piedras. Dos j\u00f3venes se pararon frente a mi veh\u00edculo y al ver que la situaci\u00f3n era demasiado sospechosa, aceler\u00e9 r\u00e1pidamente para tratar de salir del lugar, porque estaban queriendo robarme el veh\u00edculo. Los sujeto tuvieron que correrse, porque yo no iba a frenar o esquivarlos. Uno de ellos ten\u00eda un arma de fuego y con ella me dispar\u00f3&#8221;, explic\u00f3 la v\u00edctima.<\/p>\n\n\n\n<p>El disparo ingres\u00f3 casi por el medio de la ventanilla del conductor, pero como el tirador casi se cae, fue de abajo hacia arriba, por lo que el proyectil pas\u00f3 casi frente al rostro de Javier, pero no lo lastim\u00f3. El disparo fue a muy corta distancia. La bala, presumiblemente un calibre 32, sali\u00f3 por el techo del auto dejando un orificio de entrada de grandes proporciones y otro de salida entre el marco de la puerta y el burlete del parabrisas.<\/p>\n\n\n\n<p>&#8220;Siempre paso por ese lugar, llevo mis ni\u00f1os al colegio, soy un laburante com\u00fan, pero ya no se puede transitar libremente. La inseguridad gan\u00f3 la calle y con el peligro que hay todos los d\u00edas, ya no sabemos -los que mantenemos una familia- qu\u00e9 nos va a pasar. La Polic\u00eda deber\u00eda recorrer en los horarios que la gente sale a trabajar. Las calles est\u00e1n desiertas y no hab\u00eda ning\u00fan patrullero por la zona donde me sucedi\u00f3 este ataque&#8221;, cont\u00f3 Javier. El hombre maneja un Chevrolet Cruce blanco, es empresario y hace habitualmente este camino para ir a su trabajo y llevar a sus hijos al colegio para acortar camino, pero desde lo sucedido asegura que no pasar\u00e1 m\u00e1s por all\u00ed, porque qued\u00f3 con mucho miedo de que pueda volverle a suceder. Pese a lo ocurrido, la v\u00edctima no hizo denuncia, excus\u00e1ndose en que &#8220;no tiene sentido, van a salir al rato&#8221;, concluy\u00f3.<\/p>\n","protected":false},"excerpt":{"rendered":"<p>Un hombre sali\u00f3 ileso de milagro en la madrugada de ayer, luego de sufrir un violento ataque a balazos por parte de dos malvivientes que lo hab\u00edan detenido a punta&hellip; <\/p>\n","protected":false},"author":1,"featured_media":77147,"comment_status":"closed","ping_status":"open","sticky":false,"template":"","format":"standard","meta":{"footnotes":""},"categories":[33],"tags":[],"class_list":["post-77146","post","type-post","status-publish","format-standard","has-post-thumbnail","hentry","category-policiales"],"_links":{"self":[{"href":"https:\/\/corrientesdetarde.com\/index.php\/wp-json\/wp\/v2\/posts\/77146","targetHints":{"allow":["GET"]}}],"collection":[{"href":"https:\/\/corrientesdetarde.com\/index.php\/wp-json\/wp\/v2\/posts"}],"about":[{"href":"https:\/\/corrientesdetarde.com\/index.php\/wp-json\/wp\/v2\/types\/post"}],"author":[{"embeddable":true,"href":"https:\/\/corrientesdetarde.com\/index.php\/wp-json\/wp\/v2\/users\/1"}],"replies":[{"embeddable":true,"href":"https:\/\/corrientesdetarde.com\/index.php\/wp-json\/wp\/v2\/comments?post=77146"}],"version-history":[{"count":1,"href":"https:\/\/corrientesdetarde.com\/index.php\/wp-json\/wp\/v2\/posts\/77146\/revisions"}],"predecessor-version":[{"id":77148,"href":"https:\/\/corrientesdetarde.com\/index.php\/wp-json\/wp\/v2\/posts\/77146\/revisions\/77148"}],"wp:featuredmedia":[{"embeddable":true,"href":"https:\/\/corrientesdetarde.com\/index.php\/wp-json\/wp\/v2\/media\/77147"}],"wp:attachment":[{"href":"https:\/\/corrientesdetarde.com\/index.php\/wp-json\/wp\/v2\/media?parent=77146"}],"wp:term":[{"taxonomy":"category","embeddable":true,"href":"https:\/\/corrientesdetarde.com\/index.php\/wp-json\/wp\/v2\/categories?post=77146"},{"taxonomy":"post_tag","embeddable":true,"href":"https:\/\/corrientesdetarde.com\/index.php\/wp-json\/wp\/v2\/tags?post=77146"}],"curies":[{"name":"wp","href":"https:\/\/api.w.org\/{rel}","templated":true}]}}