{"id":77155,"date":"2023-07-31T10:12:34","date_gmt":"2023-07-31T13:12:34","guid":{"rendered":"https:\/\/corrientesdetarde.com\/?p=77155"},"modified":"2023-07-31T10:12:36","modified_gmt":"2023-07-31T13:12:36","slug":"son-15-las-familias-en-condiciones-de-adoptar-a-los-seis-hermanitos-de-corrientes","status":"publish","type":"post","link":"https:\/\/corrientesdetarde.com\/index.php\/sociales\/son-15-las-familias-en-condiciones-de-adoptar-a-los-seis-hermanitos-de-corrientes\/","title":{"rendered":"Son 15 las familias en condiciones de adoptar a los seis hermanitos de Corrientes"},"content":{"rendered":"\n<p>La doctora Carolina Maccarrein, expres\u00f3: &#8220;estamos muy contentos con la convocatoria publica y abierta, hubo mucha repercusi\u00f3n a lo largo del pa\u00eds, todas las familias que est\u00e9n en condiciones pod\u00edan inscribirse y esperar la entrevista, se han interesado m\u00e1s de 30 familias, y esa es una gran noticia&#8221;.<\/p>\n\n\n\n<p>A su vez, la jueza, manifest\u00f3: &#8220;a todas esas familias se les indic\u00f3 la documentaci\u00f3n que se necesita para ser evaluados, y 15 familias han entregado la documentaci\u00f3n, que ahora est\u00e1n a la espera de ser evaluados, y estamos con mucha expectativa sobre este siguiente paso&#8221;. &nbsp;&nbsp;<\/p>\n\n\n\n<p>Asimismo, la doctora Maccarrein, afirm\u00f3: &#8220;ha tenido gran repercusi\u00f3n la convocatoria p\u00fablica, hemos llegado a muchos puntos del pa\u00eds, hay familias de Ushuaia, Santa Fe, Rosario, C\u00f3rdoba, Misiones, San Luis&#8221;.<\/p>\n\n\n\n<p>Y agreg\u00f3: &#8220;era importante conservar la fraternidad entre los hermanos&#8221;.<\/p>\n\n\n\n<p>Al mismo tiempo, la jueza, afirm\u00f3: &#8220;ellos tienen momentos compartidos de recreaci\u00f3n, con personas o familias de paso que los cuidan y saben de todo este proceso que se est\u00e1 realizando&#8221;.<\/p>\n\n\n\n<p>&#8220;Soy optimista siempre porque tenemos antecedentes de finales felices, esperamos seguir con el proceso, hay que ser muy cautos, estamos buscando una familia que cumpla con los requisitos m\u00ednimos, seguramente ser\u00e1n varias entrevistas con psic\u00f3logos, trabajadores sociales, y avanzar hacia una vinculaci\u00f3n con los ni\u00f1os para ver la afinidad que presentan&#8221; remarc\u00f3 la doctora Maccarrein.<\/p>\n","protected":false},"excerpt":{"rendered":"<p>La doctora Carolina Maccarrein, expres\u00f3: &#8220;estamos muy contentos con la convocatoria publica y abierta, hubo mucha repercusi\u00f3n a lo largo del pa\u00eds, todas las familias que est\u00e9n en condiciones pod\u00edan&hellip; <\/p>\n","protected":false},"author":1,"featured_media":77163,"comment_status":"closed","ping_status":"open","sticky":false,"template":"","format":"standard","meta":{"footnotes":""},"categories":[17],"tags":[],"class_list":["post-77155","post","type-post","status-publish","format-standard","has-post-thumbnail","hentry","category-sociales"],"_links":{"self":[{"href":"https:\/\/corrientesdetarde.com\/index.php\/wp-json\/wp\/v2\/posts\/77155","targetHints":{"allow":["GET"]}}],"collection":[{"href":"https:\/\/corrientesdetarde.com\/index.php\/wp-json\/wp\/v2\/posts"}],"about":[{"href":"https:\/\/corrientesdetarde.com\/index.php\/wp-json\/wp\/v2\/types\/post"}],"author":[{"embeddable":true,"href":"https:\/\/corrientesdetarde.com\/index.php\/wp-json\/wp\/v2\/users\/1"}],"replies":[{"embeddable":true,"href":"https:\/\/corrientesdetarde.com\/index.php\/wp-json\/wp\/v2\/comments?post=77155"}],"version-history":[{"count":1,"href":"https:\/\/corrientesdetarde.com\/index.php\/wp-json\/wp\/v2\/posts\/77155\/revisions"}],"predecessor-version":[{"id":77164,"href":"https:\/\/corrientesdetarde.com\/index.php\/wp-json\/wp\/v2\/posts\/77155\/revisions\/77164"}],"wp:featuredmedia":[{"embeddable":true,"href":"https:\/\/corrientesdetarde.com\/index.php\/wp-json\/wp\/v2\/media\/77163"}],"wp:attachment":[{"href":"https:\/\/corrientesdetarde.com\/index.php\/wp-json\/wp\/v2\/media?parent=77155"}],"wp:term":[{"taxonomy":"category","embeddable":true,"href":"https:\/\/corrientesdetarde.com\/index.php\/wp-json\/wp\/v2\/categories?post=77155"},{"taxonomy":"post_tag","embeddable":true,"href":"https:\/\/corrientesdetarde.com\/index.php\/wp-json\/wp\/v2\/tags?post=77155"}],"curies":[{"name":"wp","href":"https:\/\/api.w.org\/{rel}","templated":true}]}}