{"id":77156,"date":"2023-07-31T10:11:01","date_gmt":"2023-07-31T13:11:01","guid":{"rendered":"https:\/\/corrientesdetarde.com\/?p=77156"},"modified":"2023-07-31T10:11:12","modified_gmt":"2023-07-31T13:11:12","slug":"dos-baleados-en-un-asentamiento-de-corrientes","status":"publish","type":"post","link":"https:\/\/corrientesdetarde.com\/index.php\/policiales\/dos-baleados-en-un-asentamiento-de-corrientes\/","title":{"rendered":"dos baleados en un asentamiento de Corrientes"},"content":{"rendered":"\n<p>Ayer a la tarde balearon a un hombre en zona del asentamiento de calle Alberdi, en el l\u00edmite de los barrios Juan de Vera y Galv\u00e1n.<\/p>\n\n\n\n<p>Esta ma\u00f1ana en el mismo lugar hirieron de un balazo a un amigo del primero.<\/p>\n\n\n\n<p>Los autores circulaban en una motocicleta y ambos casos estar\u00edan asociados.<\/p>\n\n\n\n<p>El herido de ayer fue baleado parte baja de la pierna derecha.<\/p>\n\n\n\n<p>El de esta ma\u00f1ana tendr\u00eda un impacto cerca del gl\u00fateo.<\/p>\n","protected":false},"excerpt":{"rendered":"<p>Ayer a la tarde balearon a un hombre en zona del asentamiento de calle Alberdi, en el l\u00edmite de los barrios Juan de Vera y Galv\u00e1n. Esta ma\u00f1ana en el&hellip; <\/p>\n","protected":false},"author":1,"featured_media":77161,"comment_status":"closed","ping_status":"open","sticky":false,"template":"","format":"standard","meta":{"footnotes":""},"categories":[33],"tags":[],"class_list":["post-77156","post","type-post","status-publish","format-standard","has-post-thumbnail","hentry","category-policiales"],"_links":{"self":[{"href":"https:\/\/corrientesdetarde.com\/index.php\/wp-json\/wp\/v2\/posts\/77156","targetHints":{"allow":["GET"]}}],"collection":[{"href":"https:\/\/corrientesdetarde.com\/index.php\/wp-json\/wp\/v2\/posts"}],"about":[{"href":"https:\/\/corrientesdetarde.com\/index.php\/wp-json\/wp\/v2\/types\/post"}],"author":[{"embeddable":true,"href":"https:\/\/corrientesdetarde.com\/index.php\/wp-json\/wp\/v2\/users\/1"}],"replies":[{"embeddable":true,"href":"https:\/\/corrientesdetarde.com\/index.php\/wp-json\/wp\/v2\/comments?post=77156"}],"version-history":[{"count":1,"href":"https:\/\/corrientesdetarde.com\/index.php\/wp-json\/wp\/v2\/posts\/77156\/revisions"}],"predecessor-version":[{"id":77162,"href":"https:\/\/corrientesdetarde.com\/index.php\/wp-json\/wp\/v2\/posts\/77156\/revisions\/77162"}],"wp:featuredmedia":[{"embeddable":true,"href":"https:\/\/corrientesdetarde.com\/index.php\/wp-json\/wp\/v2\/media\/77161"}],"wp:attachment":[{"href":"https:\/\/corrientesdetarde.com\/index.php\/wp-json\/wp\/v2\/media?parent=77156"}],"wp:term":[{"taxonomy":"category","embeddable":true,"href":"https:\/\/corrientesdetarde.com\/index.php\/wp-json\/wp\/v2\/categories?post=77156"},{"taxonomy":"post_tag","embeddable":true,"href":"https:\/\/corrientesdetarde.com\/index.php\/wp-json\/wp\/v2\/tags?post=77156"}],"curies":[{"name":"wp","href":"https:\/\/api.w.org\/{rel}","templated":true}]}}