{"id":77166,"date":"2023-07-31T10:23:12","date_gmt":"2023-07-31T13:23:12","guid":{"rendered":"https:\/\/corrientesdetarde.com\/?p=77166"},"modified":"2023-07-31T10:23:16","modified_gmt":"2023-07-31T13:23:16","slug":"emilia-mernes-revelo-que-fue-victima-de-bullying-en-su-adolescencia","status":"publish","type":"post","link":"https:\/\/corrientesdetarde.com\/index.php\/espectaculos\/emilia-mernes-revelo-que-fue-victima-de-bullying-en-su-adolescencia\/","title":{"rendered":"Emilia Mernes revel\u00f3 que fue v\u00edctima de bullying en su adolescencia"},"content":{"rendered":"\n<p>Mientras hace una exitosa gira por Espa\u00f1a, Emilia Mernes brind\u00f3 una entrevista y sorprendi\u00f3 a todos al revelar que hab\u00eda sufrido bullying en su adolescencia.<\/p>\n\n\n\n<p>A trav\u00e9s de su canal, Roberto MTZ comparti\u00f3 la extensa charla que tuvo con la oriunda de Nogoy\u00e1, quien hizo un recorrido de su carrera y dio varios detalles de su vida privada.<\/p>\n\n\n\n<p>En 2012, Emilia fue elegida como la cara de la famosa marca 47 Street en un concurso del que hab\u00edan participado m\u00e1s de 20 mil adolescentes.<\/p>\n\n\n\n<p>El entrevistador quiso saber c\u00f3mo hab\u00eda cambiado su vida desde entonces y la artista abri\u00f3 su coraz\u00f3n. &#8220;Fue una experiencia muy buena pero me trajo como contra mucho bullying&#8221;, empez\u00f3.<\/p>\n\n\n\n<p>&#8220;Resulta que muchas chicas de mi curso hab\u00edan hecho el casting y no quedaron. Haber quedado y haber ganado el concurso&#8230; no s\u00e9, no les gustaba&#8230; si llamaba la atenci\u00f3n, no les gustaba&#8230;&#8221;, coment\u00f3.<\/p>\n\n\n\n<p>&#8220;Entonces me empezaron a dejar de lado y me humillaron much\u00edsimo en esa etapa del colegio&#8221;, agreg\u00f3.<\/p>\n\n\n\n<p>Despu\u00e9s, cont\u00f3 algunos detalles de las cosas por las que tuvo que pasar en el secundario. &#8220;Yo iba a los cumplea\u00f1os de 15 queriendo ser la Emilia de siempre, iba al ba\u00f1o y me sacaban una foto por abajo de la puerta haciendo pis&#8221;, expres\u00f3.<\/p>\n\n\n\n<p>&#8220;Despu\u00e9s las sub\u00edan a Facebook&#8230; \u00bfpor qu\u00e9, entend\u00e9s? \u00bfPor qu\u00e9 tanta crueldad? Yo no me consideraba una mala compa\u00f1era, solamente estaba viviendo mi sue\u00f1o&#8221;, agreg\u00f3 en su relato ante la atenta mirada de Roberto.<\/p>\n\n\n\n<p>&#8220;Yo segu\u00ed adelante porque siempre tuve mucho car\u00e1cter y no deje que me opaque&#8230; o encerrarme en casa, pero en muchos casos sucede que no quer\u00e9s salir m\u00e1s a la calle o terminan en casos mucho peores&#8221;, finaliz\u00f3.<\/p>\n","protected":false},"excerpt":{"rendered":"<p>Mientras hace una exitosa gira por Espa\u00f1a, Emilia Mernes brind\u00f3 una entrevista y sorprendi\u00f3 a todos al revelar que hab\u00eda sufrido bullying en su adolescencia. A trav\u00e9s de su canal,&hellip; <\/p>\n","protected":false},"author":1,"featured_media":77172,"comment_status":"closed","ping_status":"open","sticky":false,"template":"","format":"standard","meta":{"footnotes":""},"categories":[19],"tags":[],"class_list":["post-77166","post","type-post","status-publish","format-standard","has-post-thumbnail","hentry","category-espectaculos"],"_links":{"self":[{"href":"https:\/\/corrientesdetarde.com\/index.php\/wp-json\/wp\/v2\/posts\/77166","targetHints":{"allow":["GET"]}}],"collection":[{"href":"https:\/\/corrientesdetarde.com\/index.php\/wp-json\/wp\/v2\/posts"}],"about":[{"href":"https:\/\/corrientesdetarde.com\/index.php\/wp-json\/wp\/v2\/types\/post"}],"author":[{"embeddable":true,"href":"https:\/\/corrientesdetarde.com\/index.php\/wp-json\/wp\/v2\/users\/1"}],"replies":[{"embeddable":true,"href":"https:\/\/corrientesdetarde.com\/index.php\/wp-json\/wp\/v2\/comments?post=77166"}],"version-history":[{"count":1,"href":"https:\/\/corrientesdetarde.com\/index.php\/wp-json\/wp\/v2\/posts\/77166\/revisions"}],"predecessor-version":[{"id":77173,"href":"https:\/\/corrientesdetarde.com\/index.php\/wp-json\/wp\/v2\/posts\/77166\/revisions\/77173"}],"wp:featuredmedia":[{"embeddable":true,"href":"https:\/\/corrientesdetarde.com\/index.php\/wp-json\/wp\/v2\/media\/77172"}],"wp:attachment":[{"href":"https:\/\/corrientesdetarde.com\/index.php\/wp-json\/wp\/v2\/media?parent=77166"}],"wp:term":[{"taxonomy":"category","embeddable":true,"href":"https:\/\/corrientesdetarde.com\/index.php\/wp-json\/wp\/v2\/categories?post=77166"},{"taxonomy":"post_tag","embeddable":true,"href":"https:\/\/corrientesdetarde.com\/index.php\/wp-json\/wp\/v2\/tags?post=77166"}],"curies":[{"name":"wp","href":"https:\/\/api.w.org\/{rel}","templated":true}]}}