{"id":7721,"date":"2022-10-01T19:24:14","date_gmt":"2022-10-01T22:24:14","guid":{"rendered":"https:\/\/corrientesdetarde.com\/?p=7721"},"modified":"2022-10-01T19:24:18","modified_gmt":"2022-10-01T22:24:18","slug":"bella-vista-adelanto-la-grilla-de-artistas-para-la-fiesta-de-la-naranja-2022","status":"publish","type":"post","link":"https:\/\/corrientesdetarde.com\/index.php\/cultura\/bella-vista-adelanto-la-grilla-de-artistas-para-la-fiesta-de-la-naranja-2022\/","title":{"rendered":"<strong>Bella Vista adelant\u00f3 la grilla de artistas para la Fiesta de la Naranja 2022<\/strong>"},"content":{"rendered":"\n<p><strong>La intendenta Noelia Bazzi, en el programa Debate Interior de \u00d1ande Cable Bella Vista, brind\u00f3 detalles de lo que ser\u00e1 la Fiesta de la Naranja y la Diversidad Productiva. &#8220;Queremos recuperar el esp\u00edritu productivo de la fiesta&#8221;, expres\u00f3 la jefa comunal. La fiesta ser\u00e1 desde el viernes 18 hasta el domingo 20 de noviembre<\/strong><\/p>\n\n\n\n<p><strong>Entre el 18 y el 20 de noviembre Bella Vista ser\u00e1 sede de la Fiesta de la Naranja y la Diversidad Productiva, que adem\u00e1s tendr\u00e1 la Expo Frutos 2022.<\/strong><\/p>\n\n\n\n<p><strong>&#8220;Pudimos armar una grilla plural, pensando en los m\u00e1s chicos, los adolescentes, los j\u00f3venes la gente grande. Estoy sorprendida con la respuesta de la gente al conocer la grilla de artistas que tenemos, aunque todav\u00eda nos faltan los artistas locales&#8221;, dijo Noelia Bazzi, intendenta de Bella Vista.<\/strong><\/p>\n\n\n\n<p><strong>&#8220;Sin el apoyo del Gobierno Provincial habr\u00eda sido imposible realizar \u00e9sta fiesta con \u00e9stos artistas. La Provincia hizo un aporte sumamente importante. Todo se hace con recursos municipales y con el aporte de la Provincia. Desde hace a\u00f1os Naci\u00f3n no nos apoya&#8221;, precis\u00f3.<\/strong><\/p>\n\n\n\n<p><strong>Bazzi aclar\u00f3 que &#8220;la fiesta es una inversi\u00f3n. Y nuestro objetivo es que el vecino entienda que el turismo es fuente de trabajo&#8221;<\/strong><\/p>\n\n\n\n<p><strong>&#8220;Se perdi\u00f3 un poco el foco de la fiesta que es nuestra producci\u00f3n, y por eso tratamos de revalorizarlo&#8221;, agreg\u00f3.<\/strong><\/p>\n\n\n\n<p><strong>La grilla<\/strong><\/p>\n\n\n\n<p><strong>El viernes 18 de noviembre estar\u00e1n en la fiesta Tr\u00e9bol de Ases, Los Sheridan, Los Totoras y Kapanga<\/strong><\/p>\n\n\n\n<p><strong>El s\u00e1bado 19 se realizar\u00e1 la elecci\u00f3n de la Embajadora Cultural con la conducci\u00f3n de Roxi V\u00e1squez (conductora de TN) y Fredy Villareal. Actuar\u00e1n Los de Imaguar\u00e9, Los Palmae, y Coty<\/strong><\/p>\n\n\n\n<p><strong>El domingo 20 la fiesta se cerrar\u00e1 con Los Alonsitos, Big Apple, Migrantes y La Berisso<\/strong><\/p>\n","protected":false},"excerpt":{"rendered":"<p>La intendenta Noelia Bazzi, en el programa Debate Interior de \u00d1ande Cable Bella Vista, brind\u00f3 detalles de lo que ser\u00e1 la Fiesta de la Naranja y la Diversidad Productiva. &#8220;Queremos&hellip; <\/p>\n","protected":false},"author":1,"featured_media":7722,"comment_status":"closed","ping_status":"open","sticky":false,"template":"","format":"standard","meta":{"footnotes":""},"categories":[15],"tags":[],"class_list":["post-7721","post","type-post","status-publish","format-standard","has-post-thumbnail","hentry","category-cultura"],"_links":{"self":[{"href":"https:\/\/corrientesdetarde.com\/index.php\/wp-json\/wp\/v2\/posts\/7721","targetHints":{"allow":["GET"]}}],"collection":[{"href":"https:\/\/corrientesdetarde.com\/index.php\/wp-json\/wp\/v2\/posts"}],"about":[{"href":"https:\/\/corrientesdetarde.com\/index.php\/wp-json\/wp\/v2\/types\/post"}],"author":[{"embeddable":true,"href":"https:\/\/corrientesdetarde.com\/index.php\/wp-json\/wp\/v2\/users\/1"}],"replies":[{"embeddable":true,"href":"https:\/\/corrientesdetarde.com\/index.php\/wp-json\/wp\/v2\/comments?post=7721"}],"version-history":[{"count":1,"href":"https:\/\/corrientesdetarde.com\/index.php\/wp-json\/wp\/v2\/posts\/7721\/revisions"}],"predecessor-version":[{"id":7723,"href":"https:\/\/corrientesdetarde.com\/index.php\/wp-json\/wp\/v2\/posts\/7721\/revisions\/7723"}],"wp:featuredmedia":[{"embeddable":true,"href":"https:\/\/corrientesdetarde.com\/index.php\/wp-json\/wp\/v2\/media\/7722"}],"wp:attachment":[{"href":"https:\/\/corrientesdetarde.com\/index.php\/wp-json\/wp\/v2\/media?parent=7721"}],"wp:term":[{"taxonomy":"category","embeddable":true,"href":"https:\/\/corrientesdetarde.com\/index.php\/wp-json\/wp\/v2\/categories?post=7721"},{"taxonomy":"post_tag","embeddable":true,"href":"https:\/\/corrientesdetarde.com\/index.php\/wp-json\/wp\/v2\/tags?post=7721"}],"curies":[{"name":"wp","href":"https:\/\/api.w.org\/{rel}","templated":true}]}}