{"id":77401,"date":"2023-08-01T08:11:23","date_gmt":"2023-08-01T11:11:23","guid":{"rendered":"https:\/\/corrientesdetarde.com\/?p=77401"},"modified":"2023-08-01T08:11:35","modified_gmt":"2023-08-01T11:11:35","slug":"revelaron-detalles-de-las-visitas-secretas-de-lewis-hamilton-a-shakira-el-entraba-por-la-noche","status":"publish","type":"post","link":"https:\/\/corrientesdetarde.com\/index.php\/espectaculos\/revelaron-detalles-de-las-visitas-secretas-de-lewis-hamilton-a-shakira-el-entraba-por-la-noche\/","title":{"rendered":"<strong>Revelaron detalles de las visitas secretas de Lewis Hamilton a Shakira: \u201c\u00c9l entraba por la noche\u201d<\/strong>"},"content":{"rendered":"\n<p>El s\u00e9ptuple campe\u00f3n mundial se encontr\u00f3 al menos tres veces en una se<\/p>\n\n\n\n<p>La colombiana tiene 46 a\u00f1os, 8 m\u00e1s que el s\u00e9ptuple campe\u00f3n mundial de&nbsp;<strong>F\u00f3rmula 1<\/strong>. Ambos se encontraron en uno de los lugares m\u00e1s exclusivos en el Viejo Mundo en esta \u00e9poca del a\u00f1o. Se trata de una isla espa\u00f1ola ubicada en el Mar Mediterr\u00e1neo y que junto con las islas Mallorca, Menorca, Formentera, as\u00ed como varios islotes de menor tama\u00f1o, integran el archipi\u00e9lago y comunidad aut\u00f3noma de las Islas Baleares.<\/p>\n\n\n\n<p>\u201cPodemos confirmar que&nbsp;<strong>Hamilton s\u00ed entraba por la noche, suponemos que, a verse con Shakira<\/strong>, l\u00f3gicamente porque no se le ha perdido otra cosa en esta urbanizaci\u00f3n. Toda esa zona son villas, Shakira ha estado siete d\u00edas en esta villa Coco Loco, espectacular, unifamiliar, enorme, con todos los servicios de lujo\u201d, cont\u00f3 la comunicadora&nbsp;<strong>Tamara Gorro<\/strong>&nbsp;en el programa&nbsp;<em>Y ahora sonsoles<\/em>&nbsp;de&nbsp;<em>Antena 3<\/em>.<\/p>\n\n\n\n<p>Esta versi\u00f3n tuvo el aval de&nbsp;<strong>Sergio Garrido<\/strong>, un conocido paparazzi espa\u00f1ol en su presencia en el programa&nbsp;<em>Ya es mediod\u00eda<\/em>&nbsp;de la cadena&nbsp;<em>Telecinco<\/em>. El reportero inform\u00f3 que la cantante y el piloto se vieron por lo menos \u201ctres veces en la villa\u201d, donde la cafetera aprovecha para descansar y disfrutar en Ibiza.<\/p>\n\n\n\n<p>\u201cCuando los trabajadores se marchaban,&nbsp;<strong>la cantante se quedaba sola con su escolta privada y recib\u00eda la visita de Hamilton<\/strong>. Adem\u00e1s, uno de los choferes de&nbsp;<strong>Hamilton le escucha hablar habitualmente con Shakira en los traslados<\/strong>\u201d, destac\u00f3.<\/p>\n\n\n\n<p>El propio fot\u00f3grafo a\u00f1adi\u00f3 que Shakira no se mostr\u00f3 demasiado en la isla, y solo se la pudo ver dos veces fuera de su casa en la villa Coco Loco. \u201cSolo ha salido dos d\u00edas.&nbsp;<strong>Uno fue para ver a Bizarrap y el otro para ver a Hamilton<\/strong>\u201d, aclar\u00f3 Garrido quien, no afirm\u00f3 que ambos mantuviesen un romance, pero que \u201c<strong>se han visto m\u00e1s de tres veces durante una semana<\/strong>\u201d.<\/p>\n\n\n\n<p>La artista cafetera de 46 a\u00f1os y el piloto brit\u00e1nico de 38, se conocieron en el&nbsp;<strong>Gran Premio de Miami de F1<\/strong>, en ocasi\u00f3n de una invitaci\u00f3n del equipo Mercedes para que presencie la carrera. Luego fueron vistos juntos en una cena que compartieron con amigos en com\u00fan y a los pocos d\u00edas se filtraron fotos de ellos disfrutando de un paseo en un yate.<\/p>\n\n\n\n<p>A partir de ese momento los rumores sobre un posible romance corrieron como reguero de p\u00f3lvora. Ella volvi\u00f3 a aparecer en el&nbsp;<strong>Gran Premio de Espa\u00f1a<\/strong>&nbsp;y le trajo suerte ya que el brit\u00e1nico termin\u00f3 segundo. Shakira fue captada por las c\u00e1maras y nunca se ocult\u00f3, siempre se mostr\u00f3 sonriente en los boxes. Por la noche otra vez fueron vistos con amigos en com\u00fan en un restaurante de comida japonesa y las fotos fueron virales.<\/p>\n\n\n\n<p>La \u00faltimas noticias que llegaron tambi\u00e9n desde Espa\u00f1a, dieron cuenta de un&nbsp;<strong><em>pedido de Hamilton para que Shakira abandone el motorhome en Silvestone<\/em><\/strong>, en el&nbsp;<strong>Gran Premio de Gran Brata\u00f1a<\/strong>. El ingl\u00e9s habr\u00eda planteado que necesita focalizarse en su campa\u00f1a deportiva, donde hace 35 carrera que no gana. Sin embargo, el panorama parece haber cambiado al menos en el \u00e1mbito personal.<\/p>\n","protected":false},"excerpt":{"rendered":"<p>El s\u00e9ptuple campe\u00f3n mundial se encontr\u00f3 al menos tres veces en una se La colombiana tiene 46 a\u00f1os, 8 m\u00e1s que el s\u00e9ptuple campe\u00f3n mundial de&nbsp;F\u00f3rmula 1. Ambos se encontraron&hellip; <\/p>\n","protected":false},"author":7,"featured_media":77402,"comment_status":"closed","ping_status":"open","sticky":false,"template":"","format":"standard","meta":{"footnotes":""},"categories":[19],"tags":[],"class_list":["post-77401","post","type-post","status-publish","format-standard","has-post-thumbnail","hentry","category-espectaculos"],"_links":{"self":[{"href":"https:\/\/corrientesdetarde.com\/index.php\/wp-json\/wp\/v2\/posts\/77401","targetHints":{"allow":["GET"]}}],"collection":[{"href":"https:\/\/corrientesdetarde.com\/index.php\/wp-json\/wp\/v2\/posts"}],"about":[{"href":"https:\/\/corrientesdetarde.com\/index.php\/wp-json\/wp\/v2\/types\/post"}],"author":[{"embeddable":true,"href":"https:\/\/corrientesdetarde.com\/index.php\/wp-json\/wp\/v2\/users\/7"}],"replies":[{"embeddable":true,"href":"https:\/\/corrientesdetarde.com\/index.php\/wp-json\/wp\/v2\/comments?post=77401"}],"version-history":[{"count":1,"href":"https:\/\/corrientesdetarde.com\/index.php\/wp-json\/wp\/v2\/posts\/77401\/revisions"}],"predecessor-version":[{"id":77403,"href":"https:\/\/corrientesdetarde.com\/index.php\/wp-json\/wp\/v2\/posts\/77401\/revisions\/77403"}],"wp:featuredmedia":[{"embeddable":true,"href":"https:\/\/corrientesdetarde.com\/index.php\/wp-json\/wp\/v2\/media\/77402"}],"wp:attachment":[{"href":"https:\/\/corrientesdetarde.com\/index.php\/wp-json\/wp\/v2\/media?parent=77401"}],"wp:term":[{"taxonomy":"category","embeddable":true,"href":"https:\/\/corrientesdetarde.com\/index.php\/wp-json\/wp\/v2\/categories?post=77401"},{"taxonomy":"post_tag","embeddable":true,"href":"https:\/\/corrientesdetarde.com\/index.php\/wp-json\/wp\/v2\/tags?post=77401"}],"curies":[{"name":"wp","href":"https:\/\/api.w.org\/{rel}","templated":true}]}}