{"id":77404,"date":"2023-08-01T08:30:17","date_gmt":"2023-08-01T11:30:17","guid":{"rendered":"https:\/\/corrientesdetarde.com\/?p=77404"},"modified":"2023-08-01T08:30:28","modified_gmt":"2023-08-01T11:30:28","slug":"fue-herido-por-una-bala-perdida","status":"publish","type":"post","link":"https:\/\/corrientesdetarde.com\/index.php\/policiales\/fue-herido-por-una-bala-perdida\/","title":{"rendered":"fue herido por una bala perdida"},"content":{"rendered":"\n<p>La v\u00edctima, de nombre Nicol\u00e1s, sali\u00f3 de su casa el s\u00e1bado cerca de las 22 junto a su esposa en su motocicleta, hasta un comercio cercano. Horas antes hab\u00edan tenido una actuaci\u00f3n con el grupo musical liderado por su hermana la &#8220;Cambacita de la cumbia&#8221;, y con el dinero que hab\u00eda cobrado fue a realizar unas compras, pero en el camino se toparon con un operativo de varios patrulleros policiales y un joven, menor de edad -al parecer- completamente fuera de control y sumamente conflictivo, que arma en mano efectu\u00f3 m\u00e1s de seis disparos, sin un blanco fijo.<\/p>\n\n\n\n<p>Uno de los proyectiles pas\u00f3 entre medio de la pareja y dio a Nicol\u00e1s por la espalda, golpe\u00f3 una de las costillas que lo salv\u00f3 de m\u00e1s da\u00f1os internos y sali\u00f3 por la axila, rozando su brazo izquierdo.<\/p>\n\n\n\n<p>La bala dej\u00f3 un gran orificio en su espalda y est\u00e1n intentando establecer qu\u00e9 tipo de calibre fue utilizado en el incidente. El plomo, adem\u00e1s quebr\u00f3 una de las costillas a su paso y roz\u00f3 uno de sus pulmones, pero no lo perfor\u00f3. Ayer continuaba internado en el Hospital Escuela, al cuidado de su esposa, mientras la Polic\u00eda y la justicia intentaban establecer los pormenores del hecho.<\/p>\n\n\n\n<p>&#8220;Nosotros queremos que se sepa r\u00e1pidamente que pas\u00f3, ya que al parecer estaba lleno de polic\u00edas el lugar, porque la madre del muchacho que dispar\u00f3 los hab\u00eda llamado antes. De milagro mi hermano no est\u00e1 muerto, porque el balazo no toc\u00f3 \u00f3rganos vitales, pero estuvo expectorando sangre y eso preocup\u00f3 a todos. \u00c9l es una persona sana, sin vicios y vive para trabajar de la m\u00fasica y para su familia. Por culpa de esto, ahora no puede trabajar m\u00e1s, explic\u00f3 una de sus hermanas&#8221;.<\/p>\n\n\n\n<p>La familia de Nicol\u00e1s pide que haya m\u00e1s presencia policial en la zona, ya que estos incidentes se repiten con mucha frecuencia. La denuncia ya fue formulada en la comisar\u00eda jurisdiccional, pero por el caso no habr\u00eda detenidos.<\/p>\n","protected":false},"excerpt":{"rendered":"<p>La v\u00edctima, de nombre Nicol\u00e1s, sali\u00f3 de su casa el s\u00e1bado cerca de las 22 junto a su esposa en su motocicleta, hasta un comercio cercano. Horas antes hab\u00edan tenido&hellip; <\/p>\n","protected":false},"author":1,"featured_media":77419,"comment_status":"closed","ping_status":"open","sticky":false,"template":"","format":"standard","meta":{"footnotes":""},"categories":[33],"tags":[],"class_list":["post-77404","post","type-post","status-publish","format-standard","has-post-thumbnail","hentry","category-policiales"],"_links":{"self":[{"href":"https:\/\/corrientesdetarde.com\/index.php\/wp-json\/wp\/v2\/posts\/77404","targetHints":{"allow":["GET"]}}],"collection":[{"href":"https:\/\/corrientesdetarde.com\/index.php\/wp-json\/wp\/v2\/posts"}],"about":[{"href":"https:\/\/corrientesdetarde.com\/index.php\/wp-json\/wp\/v2\/types\/post"}],"author":[{"embeddable":true,"href":"https:\/\/corrientesdetarde.com\/index.php\/wp-json\/wp\/v2\/users\/1"}],"replies":[{"embeddable":true,"href":"https:\/\/corrientesdetarde.com\/index.php\/wp-json\/wp\/v2\/comments?post=77404"}],"version-history":[{"count":1,"href":"https:\/\/corrientesdetarde.com\/index.php\/wp-json\/wp\/v2\/posts\/77404\/revisions"}],"predecessor-version":[{"id":77420,"href":"https:\/\/corrientesdetarde.com\/index.php\/wp-json\/wp\/v2\/posts\/77404\/revisions\/77420"}],"wp:featuredmedia":[{"embeddable":true,"href":"https:\/\/corrientesdetarde.com\/index.php\/wp-json\/wp\/v2\/media\/77419"}],"wp:attachment":[{"href":"https:\/\/corrientesdetarde.com\/index.php\/wp-json\/wp\/v2\/media?parent=77404"}],"wp:term":[{"taxonomy":"category","embeddable":true,"href":"https:\/\/corrientesdetarde.com\/index.php\/wp-json\/wp\/v2\/categories?post=77404"},{"taxonomy":"post_tag","embeddable":true,"href":"https:\/\/corrientesdetarde.com\/index.php\/wp-json\/wp\/v2\/tags?post=77404"}],"curies":[{"name":"wp","href":"https:\/\/api.w.org\/{rel}","templated":true}]}}