{"id":77405,"date":"2023-08-01T08:22:05","date_gmt":"2023-08-01T11:22:05","guid":{"rendered":"https:\/\/corrientesdetarde.com\/?p=77405"},"modified":"2023-08-01T08:22:16","modified_gmt":"2023-08-01T11:22:16","slug":"miralo-en-vivo-hacia-una-economia-circular-finanzas-sostenibles-bonos-verdes-y-gestion-de-residuos-solidos-urbanos","status":"publish","type":"post","link":"https:\/\/corrientesdetarde.com\/index.php\/locales\/miralo-en-vivo-hacia-una-economia-circular-finanzas-sostenibles-bonos-verdes-y-gestion-de-residuos-solidos-urbanos\/","title":{"rendered":"miralo en vivo: &#8220;Hacia una econom\u00eda circular: finanzas sostenibles, bonos verdes y gesti\u00f3n de residuos s\u00f3lidos urbanos&#8221;"},"content":{"rendered":"\n<figure class=\"wp-block-embed is-type-video is-provider-youtube wp-block-embed-youtube wp-embed-aspect-16-9 wp-has-aspect-ratio\"><div class=\"wp-block-embed__wrapper\">\n<iframe loading=\"lazy\" title=\"Encuentro sobre Econom\u00eda Circular y Finanzas Sostenibles.\" width=\"1110\" height=\"624\" src=\"https:\/\/www.youtube.com\/embed\/fX6MxExwE6U?feature=oembed\" frameborder=\"0\" allow=\"accelerometer; autoplay; clipboard-write; encrypted-media; gyroscope; picture-in-picture; web-share\" allowfullscreen><\/iframe>\n<\/div><\/figure>\n\n\n\n<p>Nutrida agenda de la Vicegobernaci\u00f3n<br><br>Hoy a partir de las 8,30, se realizar\u00e1 un Encuentro sobre Econom\u00eda Circular y Finanzas sostenibles en el Auditorio Juli\u00e1n Zini, con la presencia de destacados panelistas. Por la tarde, desde las 18,30 en la legislatura Provincial, el vicegobernador, Pedro Braillard Poccard reconocer\u00e1 a profesionales y madres que fortalecen la Red Provincial de Donaci\u00f3n de Lecha materna.<\/p>\n\n\n\n<p><br>Encuentro sobre Econom\u00eda Circular y Finanzas sostenibles<br>Desde las 8,30, el Auditorio Juli\u00e1n Zini ser\u00e1 sede del evento &#8220;Hacia una econom\u00eda circular: encuentro sobre finanzas sostenibles, bonos verdes y gesti\u00f3n de residuos s\u00f3lidos urbanos&#8221;, organizado por el Consejo de Crecimiento Econ\u00f3mico y Desarrollo Social, presidido por el Vicegobernador, Pedro Braillard Poccard.<br>El encuentro contar\u00e1 con la presencia del ministro de Coordinaci\u00f3n y Planificaci\u00f3n, Miguel Olivieri; del senador nacional Alfredo Luis De Angeli, la senadora nacional Gladys Gonz\u00e1lez y la copresidente del Directorio y miembro del Consejo Empresario de Sistema B Argentina y presidente Ejecutiva de Limpiolux, Cecilia Peluso.<br>Durante la jornada se desarrollar\u00e1n paneles sobre programas de adaptaci\u00f3n al cambio clim\u00e1tico; Finanzas sostenibles y bonos verdes, del cual participar\u00e1n referentes del Programa GIRSU del Ministerio de Coordinaci\u00f3n y Planificaci\u00f3n de la provincia, de la Agencia de Protecci\u00f3n Ambiental de la Ciudad de Aut\u00f3noma de Buenos Aires (CABA), referentes del Banco Santander, la Agencia de Calificaci\u00f3n Moody\u00b4s Local Argentina, la Agencia de Calificaciones FIX SCR y del Banco de Corrientes. El cierre estar\u00e1 a cargo de la directora Ejecutiva del Sistema B Argentina y del Gerente General de la Bolsa de Comercio Confederada de Corrientes.<br>Red Provincial de donaci\u00f3n de leche humana<br>Por la tarde el Dr. Braillard Poccard entregar\u00e1 distinciones, en el marco de la semana Mundial de la Lactancia Materna, a los integrantes del Banco de Leche Humana, Red Provincial de donaci\u00f3n, y donantes.<br>El lema de este a\u00f1o es \u201cFacilitar la lactancia materna marcando la diferencia para las madres y padres que trabajan\u201d. En este marco recibir\u00e1n el reconocimiento del Vicegobernador, agentes de salud y ciudadanas, por el trabajo que vienen realizando en relaci\u00f3n al Banco de Leche Humana y la Red Provincial de donaci\u00f3n de leche humana, por la trayectoria en el trabajo de promoci\u00f3n y protecci\u00f3n a la lactancia materna en la provincia de Corrientes, por ser donantes de leche materna y as\u00ed beneficiar con el mejor alimento a reci\u00e9n nacidos prematuros, brind\u00e1ndoles la oportunidad de crecer fuertes y seguros y por el compromiso con la difusi\u00f3n sobre los beneficios de la donaci\u00f3n de Leche humana.<br>El acto se realizar\u00e1 en la Legislatura Provincial, el martes 1 de agosto a partir de las 18,30 y contar\u00e1 con la presencia del Ministro de Salud de la provincia, Ricardo Cardozo.<\/p>\n\n\n<div class=\"wp-block-image\">\n<figure class=\"aligncenter size-large is-resized\"><img loading=\"lazy\" decoding=\"async\" src=\"https:\/\/corrientesdetarde.com\/wp-content\/uploads\/2023\/08\/WhatsApp-Image-2023-07-31-at-12.36.32-724x1024.jpg\" alt=\"\" class=\"wp-image-77411\" width=\"461\" height=\"652\" srcset=\"https:\/\/corrientesdetarde.com\/wp-content\/uploads\/2023\/08\/WhatsApp-Image-2023-07-31-at-12.36.32-724x1024.jpg 724w, https:\/\/corrientesdetarde.com\/wp-content\/uploads\/2023\/08\/WhatsApp-Image-2023-07-31-at-12.36.32-212x300.jpg 212w, https:\/\/corrientesdetarde.com\/wp-content\/uploads\/2023\/08\/WhatsApp-Image-2023-07-31-at-12.36.32-768x1086.jpg 768w, https:\/\/corrientesdetarde.com\/wp-content\/uploads\/2023\/08\/WhatsApp-Image-2023-07-31-at-12.36.32-1086x1536.jpg 1086w, https:\/\/corrientesdetarde.com\/wp-content\/uploads\/2023\/08\/WhatsApp-Image-2023-07-31-at-12.36.32.jpg 1131w\" sizes=\"auto, (max-width: 461px) 100vw, 461px\" \/><\/figure>\n<\/div>","protected":false},"excerpt":{"rendered":"<p>Nutrida agenda de la Vicegobernaci\u00f3n Hoy a partir de las 8,30, se realizar\u00e1 un Encuentro sobre Econom\u00eda Circular y Finanzas sostenibles en el Auditorio Juli\u00e1n Zini, con la presencia de&hellip; <\/p>\n","protected":false},"author":1,"featured_media":77410,"comment_status":"closed","ping_status":"open","sticky":false,"template":"","format":"standard","meta":{"footnotes":""},"categories":[8],"tags":[],"class_list":["post-77405","post","type-post","status-publish","format-standard","has-post-thumbnail","hentry","category-locales"],"_links":{"self":[{"href":"https:\/\/corrientesdetarde.com\/index.php\/wp-json\/wp\/v2\/posts\/77405","targetHints":{"allow":["GET"]}}],"collection":[{"href":"https:\/\/corrientesdetarde.com\/index.php\/wp-json\/wp\/v2\/posts"}],"about":[{"href":"https:\/\/corrientesdetarde.com\/index.php\/wp-json\/wp\/v2\/types\/post"}],"author":[{"embeddable":true,"href":"https:\/\/corrientesdetarde.com\/index.php\/wp-json\/wp\/v2\/users\/1"}],"replies":[{"embeddable":true,"href":"https:\/\/corrientesdetarde.com\/index.php\/wp-json\/wp\/v2\/comments?post=77405"}],"version-history":[{"count":1,"href":"https:\/\/corrientesdetarde.com\/index.php\/wp-json\/wp\/v2\/posts\/77405\/revisions"}],"predecessor-version":[{"id":77412,"href":"https:\/\/corrientesdetarde.com\/index.php\/wp-json\/wp\/v2\/posts\/77405\/revisions\/77412"}],"wp:featuredmedia":[{"embeddable":true,"href":"https:\/\/corrientesdetarde.com\/index.php\/wp-json\/wp\/v2\/media\/77410"}],"wp:attachment":[{"href":"https:\/\/corrientesdetarde.com\/index.php\/wp-json\/wp\/v2\/media?parent=77405"}],"wp:term":[{"taxonomy":"category","embeddable":true,"href":"https:\/\/corrientesdetarde.com\/index.php\/wp-json\/wp\/v2\/categories?post=77405"},{"taxonomy":"post_tag","embeddable":true,"href":"https:\/\/corrientesdetarde.com\/index.php\/wp-json\/wp\/v2\/tags?post=77405"}],"curies":[{"name":"wp","href":"https:\/\/api.w.org\/{rel}","templated":true}]}}