{"id":77408,"date":"2023-08-01T08:23:17","date_gmt":"2023-08-01T11:23:17","guid":{"rendered":"https:\/\/corrientesdetarde.com\/?p=77408"},"modified":"2023-08-01T08:23:28","modified_gmt":"2023-08-01T11:23:28","slug":"alberto-fernandez-se-reunio-con-la-madre-de-cecilia-strzyzowski","status":"publish","type":"post","link":"https:\/\/corrientesdetarde.com\/index.php\/nacionales\/alberto-fernandez-se-reunio-con-la-madre-de-cecilia-strzyzowski\/","title":{"rendered":"<strong>Alberto Fern\u00e1ndez se reuni\u00f3 con la madre de Cecilia Strzyzowski<\/strong>"},"content":{"rendered":"\n<p>El encuentro, pactado de antemano, fue este lunes a la tarde tras el paso del Presidente por la provincia de Chaco. Hablaron casi dos horas. \u201cLa escuch\u00e9 con mucha atenci\u00f3n. Todos queremos que los responsables de tan brutal crimen sean juzgados y condenados\u201d, dijo el Jefe de Estado<\/p>\n\n\n\n<p>A 59 d\u00edas de la desaparici\u00f3n y femicidio de&nbsp;<strong>Cecilia Strzyzowski<\/strong>, el presidente&nbsp;<strong>Alberto Fern\u00e1ndez&nbsp;<\/strong>se reuni\u00f3 este lunes con la madre de la v\u00edctima,&nbsp;<strong>Gloria Romero<\/strong>.<\/p>\n\n\n\n<p>Seg\u00fan supo&nbsp;<strong>Infobae<\/strong>, el encuentro estaba&nbsp;<strong>pactado de antemano<\/strong>&nbsp;y dur\u00f3 casi&nbsp;<strong>dos horas<\/strong>. Se juntaron a solas esta tarde en el Aeropuerto de la provincia de&nbsp;<strong>Chaco<\/strong>, antes de que el primer mandatario regresara a Capital Federal tras su paso por Resistencia, donde acompa\u00f1\u00f3 al Gobernador<strong>&nbsp;Jorge Capitanich<\/strong>&nbsp;en el 7\u00b0 Congreso Internacional Sobre Discapacidad.<\/p>\n\n\n\n<p>La reuni\u00f3n fue solicitada por Gloria y el Jefe de Estado se la concedi\u00f3. Durante la extensa conversaci\u00f3n que mantuvieron en un sal\u00f3n reservado del aeropuerto, la madre de la joven de 28 a\u00f1os \u2014cuyo crimen se le imputa a&nbsp;<strong>Emerenciano Sena, Marcela Acu\u00f1a&nbsp;<\/strong>y su hijo&nbsp;<strong>C\u00e9sar<\/strong>\u2014 le cont\u00f3 c\u00f3mo se sent\u00eda y \u00e9l le expres\u00f3 su solidaridad.<\/p>\n\n\n\n<p>\u201c<strong>La escuch\u00e9 con mucha atenci\u00f3n<\/strong>. Todos queremos que se haga Justicia y que los responsables de tan brutal crimen sean juzgados y condenados\u201d, describi\u00f3 Fern\u00e1ndez, tras la consulta de&nbsp;<strong>Infobae<\/strong>.<\/p>\n\n\n\n<p>El encuentro sucedi\u00f3 d\u00edas despu\u00e9s del cruce que Gloria Romero tuvo con un grupo militantes que ped\u00edan la liberaci\u00f3n del l\u00edder piquetero. Entre ellos estaban&nbsp;<strong>Jos\u00e9 Su\u00e1rez<\/strong>, vocero de la familia Sena, y los hermanos del dirigente,&nbsp;<strong>Abel&nbsp;<\/strong>y<strong>&nbsp;Marcelina Sena<\/strong>. Fue el viernes pasado, frente al edificio de fiscal\u00edas. En medio de una fuerte discusi\u00f3n,&nbsp;<strong>un militante del clan Sena golpe\u00f3 por la espalda a Romero<\/strong>, lo cual provoc\u00f3 la intervenci\u00f3n de efectivos policiales para que la situaci\u00f3n no pasara a mayores.<\/p>\n\n\n\n<p>Frente a ese escenario, otros efectivos policiales intercedieron para calmar las aguas y sacar de ese lugar a Gloria Romero.&nbsp;<strong>\u201cNo les tengo miedo, \u00bfqu\u00e9 m\u00e1s me pueden hacer? si me mataron a mi hija\u201d<\/strong>, dec\u00eda desafiante la madre de Cecilia a los seguidores de Sena, que continuaban con su reclamo al grito de \u201cLibertad, libertad\u201d.<\/p>\n\n\n\n<p><strong>Novedades del caso<\/strong><\/p>\n\n\n\n<p>En el marco de la investigaci\u00f3n que lleva adelante el Equipo Fiscal Especial, liderado por el fiscal<strong>&nbsp;Jorge C\u00e1ceres Olivera<\/strong>, este mi\u00e9rcoles 2 y jueves 3 de agosto, se realizar\u00e1n las&nbsp;<strong>audiencias de oposici\u00f3n a la prisi\u00f3n preventiva<\/strong>&nbsp;de Emerenciano sena y Marcela Acu\u00f1a.<\/p>\n\n\n\n<p>La fecha, fijada por el juez de Garant\u00edas N\u00ba 2 de Resistencia,&nbsp;<strong>H\u00e9ctor Horacio Sandoval<\/strong>, fue en respuesta a los escritos presentados por los abogados del Clan:&nbsp;<strong>Ricardo Osuna<\/strong>,&nbsp;<strong>Nicol\u00e1s Boniardi Cabra<\/strong>&nbsp;y&nbsp;<strong>Roc\u00edo de Jes\u00fas Ram\u00edrez<\/strong>.<\/p>\n\n\n\n<p>Seg\u00fan supo&nbsp;<strong>Infobae<\/strong>, el abogado de C\u00e9sar Sena solicit\u00f3, adem\u00e1s, una nueva jornada para el 4 de agosto, donde pidi\u00f3 \u201ctratar los planteos de nulidad realizados por la defensa, en cuanto al pedido para que puedan reencontrarse Emerenciano Sena, C\u00e9sar Sena y Marcela Acu\u00f1a\u201d. Tambi\u00e9n por la solicitud de las nulidades de las declaraciones testimoniales de Marcela y C\u00e9sar antes de que quedaran detenidos, el 9 y 10 de junio respectivamente.<\/p>\n\n\n\n<p><strong>Nuevas marchas<\/strong><\/p>\n\n\n\n<p>Este 2 de agosto se cumplen&nbsp;<strong>dos meses&nbsp;<\/strong>de la desaparici\u00f3n y crimen de Cecilia Strzyzowski. Para esa fecha, su familia y amigos convocaron a una concentraci\u00f3n y vigilia en la plaza 25 de Mayo a partir de las 23 horas del 1 de junio.<\/p>\n\n\n\n<p>Desde sus redes sociales, Gloria Romero pidi\u00f3 \u201ca toda la comunidad\u201d que la acompa\u00f1e con est\u00e9ncil y pintura rosa en spray para dibujar el rostro de su hija en espacios p\u00fablicos. El horario elegido para la actividad, explic\u00f3, responde a tratar de no entorpecer la actividad de comercios de la ciudad y tampoco la circulaci\u00f3n vehicular.<\/p>\n\n\n\n<p>La actividad se realizar\u00e1 un d\u00eda antes del homenaje a Cecilia que ser\u00e1 el<strong>&nbsp;jueves 3 de agosto<\/strong>&nbsp;en el Parque de la Democracia a partir de las 20, fecha en que la joven deber\u00eda cumplir 29 a\u00f1os.<\/p>\n","protected":false},"excerpt":{"rendered":"<p>El encuentro, pactado de antemano, fue este lunes a la tarde tras el paso del Presidente por la provincia de Chaco. Hablaron casi dos horas. \u201cLa escuch\u00e9 con mucha atenci\u00f3n.&hellip; <\/p>\n","protected":false},"author":7,"featured_media":77413,"comment_status":"closed","ping_status":"open","sticky":false,"template":"","format":"standard","meta":{"footnotes":""},"categories":[10],"tags":[],"class_list":["post-77408","post","type-post","status-publish","format-standard","has-post-thumbnail","hentry","category-nacionales"],"_links":{"self":[{"href":"https:\/\/corrientesdetarde.com\/index.php\/wp-json\/wp\/v2\/posts\/77408","targetHints":{"allow":["GET"]}}],"collection":[{"href":"https:\/\/corrientesdetarde.com\/index.php\/wp-json\/wp\/v2\/posts"}],"about":[{"href":"https:\/\/corrientesdetarde.com\/index.php\/wp-json\/wp\/v2\/types\/post"}],"author":[{"embeddable":true,"href":"https:\/\/corrientesdetarde.com\/index.php\/wp-json\/wp\/v2\/users\/7"}],"replies":[{"embeddable":true,"href":"https:\/\/corrientesdetarde.com\/index.php\/wp-json\/wp\/v2\/comments?post=77408"}],"version-history":[{"count":1,"href":"https:\/\/corrientesdetarde.com\/index.php\/wp-json\/wp\/v2\/posts\/77408\/revisions"}],"predecessor-version":[{"id":77414,"href":"https:\/\/corrientesdetarde.com\/index.php\/wp-json\/wp\/v2\/posts\/77408\/revisions\/77414"}],"wp:featuredmedia":[{"embeddable":true,"href":"https:\/\/corrientesdetarde.com\/index.php\/wp-json\/wp\/v2\/media\/77413"}],"wp:attachment":[{"href":"https:\/\/corrientesdetarde.com\/index.php\/wp-json\/wp\/v2\/media?parent=77408"}],"wp:term":[{"taxonomy":"category","embeddable":true,"href":"https:\/\/corrientesdetarde.com\/index.php\/wp-json\/wp\/v2\/categories?post=77408"},{"taxonomy":"post_tag","embeddable":true,"href":"https:\/\/corrientesdetarde.com\/index.php\/wp-json\/wp\/v2\/tags?post=77408"}],"curies":[{"name":"wp","href":"https:\/\/api.w.org\/{rel}","templated":true}]}}