{"id":77424,"date":"2023-08-01T08:33:37","date_gmt":"2023-08-01T11:33:37","guid":{"rendered":"https:\/\/corrientesdetarde.com\/?p=77424"},"modified":"2023-08-01T08:33:48","modified_gmt":"2023-08-01T11:33:48","slug":"primera-precandidata-trans-propone-legalizar-el-trabajo-sexual","status":"publish","type":"post","link":"https:\/\/corrientesdetarde.com\/index.php\/politica\/primera-precandidata-trans-propone-legalizar-el-trabajo-sexual\/","title":{"rendered":"primera precandidata trans propone legalizar el trabajo sexual"},"content":{"rendered":"\n<p>Las Primarias, Abiertas, Simult\u00e1neas y Obligatorias (PASO) del 13 de agosto marcar\u00e1n un hito hist\u00f3rico en Argentina. Por primera vez, una persona trans integrar\u00e1 la lista de futuros elegibles para ocupar el sill\u00f3n presidencial. Se trata de Reina Ib\u00e1\u00f1ez, una rosarina de 31 a\u00f1os que forma parte del partido Proyecto Joven. Entre sus principales propuestas que planea impulsar desde el Ejecutivo desde el 10 de diciembre, se encuentra la legalizaci\u00f3n del trabajo sexual y el consumo de sustancias, medidas que asegura beneficiar\u00e1n a la econom\u00eda en su conjunto.<\/p>\n\n\n\n<p>Reina inici\u00f3 su militancia pol\u00edtica y social hace siete a\u00f1os, dentro del Movimiento Independiente de Justicia y Dignidad (MIJD), organizaci\u00f3n de Ra\u00fal Castells, y fue candidata a concejala de Rosario (Santa Fe) en 2015 y 2017. Luego pas\u00f3 a otros espacios dentro del campo popular y en 2012, por Proyecto Joven, fue candidata a diputada nacional. Junto con la venezolana Tamara Adri\u00e1n, que competir\u00e1 en las internas del 22 de octubre en el pa\u00eds del norte de Sudam\u00e9rica, ser\u00e1n las primeras referentes de la comunidad trans\/travesti en formar parte de la m\u00e1xima competencia de la arena pol\u00edtica.<\/p>\n\n\n\n<p>En una entrevista con diario \u00e9poca, coment\u00f3 su plan econ\u00f3mico para derrotar a la inflaci\u00f3n que incluye una serie de medidas revolucionarias para estas latitudes del globo. A la vez que se mostr\u00f3 con una fuerte iniciativa en pos de garantizar y hacer efectivos los derechos conquistados por el colectivo LGBTIQ+.<\/p>\n\n\n\n<p>Una de sus principales propuestas, tendientes a generar empleo, es la reducci\u00f3n de la jornada laboral de ocho a seis horas. &#8220;Las horas restantes se completar\u00e1n con gente que en la actualidad est\u00e1 desocupada&#8221;, explic\u00f3. En este sentido, asegur\u00f3 que impulsar\u00e1 rebajas de impuestos para alentar a las empresas a tomar m\u00e1s j\u00f3venes y personas de la comunidad trans.<\/p>\n\n\n\n<p>Otro de los puntos centrales en materia econ\u00f3mica es su postura ante el Fondo Monetario Internacional, Reina asegura que la deuda que tiene el pa\u00eds &#8220;la deben pagar los empresarios y no el pueblo trabajador&#8221;. Asimismo sobre la inflaci\u00f3n, proyecta reforzar los controles de precios y las sanciones contra las firmas que incumplan. &#8220;Con sectores como el campo y las empresas nos sentaremos a dialogar, pero desde ya estimamos una relaci\u00f3n tensa porque nuestra prioridad ser\u00e1 la gente trabajadora&#8221;, agreg\u00f3.<\/p>\n\n\n<div class=\"wp-block-image\">\n<figure class=\"aligncenter is-resized\"><img loading=\"lazy\" decoding=\"async\" src=\"https:\/\/www.diarioepoca.com\/content\/bucket\/2\/1311542w762h1227c.jpg.webp\" alt=\"\" width=\"480\" height=\"773\"\/><\/figure>\n<\/div>\n\n\n<h2 class=\"wp-block-heading\">Nuevas regularizaciones<\/h2>\n\n\n\n<p>En uno de los puntos m\u00e1s pol\u00e9micos de su plataforma de campa\u00f1a se encuentra la legalizaci\u00f3n. La primera est\u00e1 asociada con la normativizaci\u00f3n del consumo de sustancias, que va desde la marihuana hasta la coca\u00edna. Drogas que est\u00e1n permitidas para la tenencia de uso personal en Rep\u00fablica Checa, Pa\u00edses Bajos, Portugal y Suiza.<\/p>\n\n\n\n<p>&#8220;Regularizando el consumo se terminar\u00e1n las mafias y la inseguridad, y ese dinero se destinar\u00e1n a la generaci\u00f3n de empleos y a dotar de obras de infraestructura al pa\u00eds. A la vez que se crear\u00e1n centros estatales para tratar las adicciones&#8221;, sostuvo sobre la iniciativa. La distribuci\u00f3n, seg\u00fan expuso, estar\u00eda a cargo de la red de farmacias.<\/p>\n\n\n\n<p>La legalizaci\u00f3n del trabajo sexual es otra de sus propuestas clave: &#8220;Como extrabajadora sexual, estoy a favor de que la actividad sea reconocida por el Ministerio de Trabajo de la Naci\u00f3n. De esta forma, muchas chicas trans podr\u00e1n acceder a una obra social y tendr\u00e1n derecho a una jubilaci\u00f3n&#8221;, dijo sobre el sistema que ya es legal en pa\u00edses como Pa\u00edses Bajos o Espa\u00f1a.<\/p>\n\n\n\n<h2 class=\"wp-block-heading\">Garantizar derechos<\/h2>\n\n\n\n<p>Y si de reformas se trata, esas implican la Constituci\u00f3n Nacional. &#8220;Buscaremos que los derechos recientemente adquiridos por las minor\u00edas, principalmente la comunidad LGBTIQ+, est\u00e9n garantizados desde la principal Carta Magna que sirve de fundamento a todas las leyes. De esta forma, garantizaremos que ning\u00fan gobierno de derecha los pueda derogar&#8221;, aclar\u00f3.<\/p>\n\n\n\n<p>Adem\u00e1s de gestionar empleo para las chicas trans, Reina busca garantizar el acceso a la vivienda y el sistema de salud. &#8220;A la mayor\u00eda de las compa\u00f1eras les resulta imposible sostener los alquileres solo con su trabajo sexual, y en muchas ocasiones viven de prestado&#8221;, describi\u00f3. En segundo lugar quiere que se cumpla con los tratamientos hormonales y cirug\u00edas establecidos en la Ley Nacional de Identidad de G\u00e9nero. &#8220;En la actualidad, en las provincias no se llevan a cabo o bien hay demoras para acceder a estos servicios m\u00e9dicos&#8221;, resalt\u00f3.<\/p>\n\n\n\n<p>Con estas iniciativas, la precandidata buscar\u00e1 imponerse a otros dos postulantes dentro de su espacio en las PASO y llegar as\u00ed a las generales del 22 de octubre. Su postulaci\u00f3n tambi\u00e9n es un claro llamado a la comunidad LGBTIQ+ a ocupar los primeros lugares en las listas de futuras elecciones. Mientras que en los votantes deja un gran interrogante: \u00bfArgentina tendr\u00e1 alguna vez un Presidente trans?<\/p>\n\n\n\n<h2 class=\"wp-block-heading\">Una vida dificil y gustos personales<\/h2>\n\n\n\n<figure class=\"wp-block-image\"><img decoding=\"async\" src=\"https:\/\/www.diarioepoca.com\/content\/bucket\/4\/1311534w762h383c.jpg.webp\" alt=\"\"\/><\/figure>\n\n\n\n<p>Reina Ib\u00e1\u00f1ez, al igual que muchas chicas trans, tuvo una infancia dif\u00edcil, signada por el rechazo de sus familiares.<\/p>\n\n\n\n<p>&#8220;A los 15 a\u00f1os fui expulsada de mi hogar por mi condici\u00f3n. M\u00e1s all\u00e1 de todo, sal\u00ed adelante gracias a que estaba rodeada de buena gente. Lejos de ponerme mal, concentr\u00e9 mis fuerzas en trabajar en pol\u00edtica desde las organizaciones sociales&#8221;, narr\u00f3.<\/p>\n\n\n\n<p>Es la primera dentro de su historia familiar en incursionar con fuerza en la pol\u00edtica.<\/p>\n\n\n\n<p>Adem\u00e1s de la militancia, la precandidata disfruta de escuchar m\u00fasica, sus g\u00e9neros favoritos son la cumbia y el POP. Los cantantes que m\u00e1s sigue son &#8220;Lali&#8221; Exp\u00f3sito, L-Gante y &#8220;Tini&#8221; Stoessel. A su vez, el folclore es su segundo g\u00e9nero predilecto.<\/p>\n","protected":false},"excerpt":{"rendered":"<p>Las Primarias, Abiertas, Simult\u00e1neas y Obligatorias (PASO) del 13 de agosto marcar\u00e1n un hito hist\u00f3rico en Argentina. Por primera vez, una persona trans integrar\u00e1 la lista de futuros elegibles para&hellip; <\/p>\n","protected":false},"author":1,"featured_media":77426,"comment_status":"closed","ping_status":"open","sticky":false,"template":"","format":"standard","meta":{"footnotes":""},"categories":[3,17],"tags":[],"class_list":["post-77424","post","type-post","status-publish","format-standard","has-post-thumbnail","hentry","category-politica","category-sociales"],"_links":{"self":[{"href":"https:\/\/corrientesdetarde.com\/index.php\/wp-json\/wp\/v2\/posts\/77424","targetHints":{"allow":["GET"]}}],"collection":[{"href":"https:\/\/corrientesdetarde.com\/index.php\/wp-json\/wp\/v2\/posts"}],"about":[{"href":"https:\/\/corrientesdetarde.com\/index.php\/wp-json\/wp\/v2\/types\/post"}],"author":[{"embeddable":true,"href":"https:\/\/corrientesdetarde.com\/index.php\/wp-json\/wp\/v2\/users\/1"}],"replies":[{"embeddable":true,"href":"https:\/\/corrientesdetarde.com\/index.php\/wp-json\/wp\/v2\/comments?post=77424"}],"version-history":[{"count":1,"href":"https:\/\/corrientesdetarde.com\/index.php\/wp-json\/wp\/v2\/posts\/77424\/revisions"}],"predecessor-version":[{"id":77427,"href":"https:\/\/corrientesdetarde.com\/index.php\/wp-json\/wp\/v2\/posts\/77424\/revisions\/77427"}],"wp:featuredmedia":[{"embeddable":true,"href":"https:\/\/corrientesdetarde.com\/index.php\/wp-json\/wp\/v2\/media\/77426"}],"wp:attachment":[{"href":"https:\/\/corrientesdetarde.com\/index.php\/wp-json\/wp\/v2\/media?parent=77424"}],"wp:term":[{"taxonomy":"category","embeddable":true,"href":"https:\/\/corrientesdetarde.com\/index.php\/wp-json\/wp\/v2\/categories?post=77424"},{"taxonomy":"post_tag","embeddable":true,"href":"https:\/\/corrientesdetarde.com\/index.php\/wp-json\/wp\/v2\/tags?post=77424"}],"curies":[{"name":"wp","href":"https:\/\/api.w.org\/{rel}","templated":true}]}}