{"id":77431,"date":"2023-08-01T08:45:00","date_gmt":"2023-08-01T11:45:00","guid":{"rendered":"https:\/\/corrientesdetarde.com\/?p=77431"},"modified":"2023-08-01T08:45:11","modified_gmt":"2023-08-01T11:45:11","slug":"la-polemica-frase-de-dady-brieva-por-la-que-cancelaron-sus-shows-en-uruguay-agradezcan-que-nos-va-mal-para-que-ustedes-puedan-vivir-bien","status":"publish","type":"post","link":"https:\/\/corrientesdetarde.com\/index.php\/espectaculos\/la-polemica-frase-de-dady-brieva-por-la-que-cancelaron-sus-shows-en-uruguay-agradezcan-que-nos-va-mal-para-que-ustedes-puedan-vivir-bien\/","title":{"rendered":"<strong>La pol\u00e9mica frase de Dady Brieva por la que cancelaron sus shows en Uruguay: \u201cAgradezcan que nos va mal para que ustedes puedan vivir bien\u201d<\/strong>"},"content":{"rendered":"\n<p>Tras visitar diferentes programas del pa\u00eds vecino a modo de promoci\u00f3n, expuso su opini\u00f3n pol\u00edtica y se enfrent\u00f3 a varios periodistas. La resoluci\u00f3n de la productora y la palabra del humorista<\/p>\n\n\n\n<p>La visita del humorista&nbsp;<strong>Dady Brieva<\/strong>&nbsp;a Uruguay, para presentar el espect\u00e1culo de humor<em>&nbsp;S\u00faper Dady,<\/em>&nbsp;que iba a subir a diferentes escenarios del pa\u00eds vecino, incluido un teatro de Montevideo, dej\u00f3 varios momentos pol\u00e9micos que trajo como consecuencia la cancelaci\u00f3n de los shows que estaban programados.<\/p>\n\n\n\n<p>El humorista, actor y conductor tuvo que pagar el costo por criticar a los uruguayos en las diferentes entrevistas que dio. En concreto, generaron rechazo sus comentarios en el programa&nbsp;<em>Malos pensamientos<\/em>&nbsp;de&nbsp;<strong>Orlando Petinatti,<\/strong>&nbsp;donde habl\u00f3 con iron\u00eda de aquellos que viajan para sacar beneficio de la situaci\u00f3n econ\u00f3mica de Argentina<strong>. \u201cAgradezcan que nos va mal para que ustedes puedan vivir bien\u201d<\/strong>, declar\u00f3 entonces.<\/p>\n\n\n\n<p>En un tenso ida y vuelta con el conductor uruguayo, Brieva se\u00f1al\u00f3: \u201cAll\u00e1 (por Argentina) te conocen porque est\u00e1 lleno de uruguayos, pero no van ni a la biblioteca, \u00a1qu\u00e9 cultural que es Buenos Aires! No entran en un puto teatro, van a la farmacia y se vienen\u2026<strong>No muerdan el brazo a qui\u00e9n les da de comer\u201d.<\/strong><\/p>\n\n\n\n<p>\u201c\u00bfA qui\u00e9n le tenemos que agradecer? A vos que dijiste \u2018Ojal\u00e1 nos vaya mal\u2019\u201d, le respondi\u00f3 Petinatti. \u201cEso fue lo \u00fanico que dije enojado, despu\u00e9s lo dem\u00e1s es toda fake. \u00bfY sab\u00e9s por qu\u00e9 lo dije? Porque cuando fuimos a<em>&nbsp;PH<\/em>&nbsp;con Midachi, Miguel empez\u00f3 a hablar de la corrupci\u00f3n y yo le hab\u00eda dicho que fu\u00e9ramos para vender entradas y que no se meta en ese quilombo porque me iba a dejar como un boludo a m\u00ed\u201d, le respondi\u00f3 el humorista.<\/p>\n\n\n\n<p>\u201cCuando Andy (Kuznetsoff) le pregunta y \u00e9l empieza hablar de la corrupci\u00f3n cuando hab\u00edamos quedado en otra cosa, me salt\u00f3 la chaveta. Mir\u00e1 que yo peleo bien en la calle porque no me enojo, pero esa vez salt\u00e9 y me llenaron la cara de dedos, no tendr\u00eda que haberlo dicho\u201d, se\u00f1al\u00f3.<\/p>\n\n\n\n<p>En tanto, la productora que contrat\u00f3 al artista tuvo que salir en sus redes sociales a aclarar la situaci\u00f3n de lo que pas\u00f3 con la \u201cNo\u201d realizaci\u00f3n de las presentaciones art\u00edsticas que Dady iba a llevar adelante en diferentes lugares de Uruguay.<\/p>\n\n\n\n<p>\u201cPor responsabilidad de la productora \u00c1pice, totalmente ajenas a la responsabilidad del artista Dady Brieva, los shows programados en el interior del Uruguay en el mes de agosto (Salto, Fray Bentos, Mercedes, Melo, Durazno, Florida, Punta del Este y San Jos\u00e9) est\u00e1n suspendidos. Pedimos las disculpas por los inconvenientes causados\u201d, informaron a trav\u00e9s de sus redes sociales. La productora tambi\u00e9n comunic\u00f3 que la devoluci\u00f3n del importe de las entradas se realizar\u00e1 a trav\u00e9s de las ticketeras correspondientes.<\/p>\n\n\n\n<p>En tanto, este domingo el actor realiz\u00f3 en C5N una nueva edici\u00f3n de su programa de televisi\u00f3n&nbsp;<em>PPT (Peronismo para todos)<\/em>, y all\u00ed dio su versi\u00f3n sobre lo ocurrido donde justific\u00f3 la suspensi\u00f3n de los shows a una saturaci\u00f3n del mercado.<strong>&nbsp;\u201cSe levantaron funciones, porque est\u00e1n todos pendientes, se levantaron funciones porque hay tantos elencos y tanta oferta que va a laburar all\u00e1 al Uruguay,<\/strong>&nbsp;porque la verdad es que Uruguay nos est\u00e1 abriendo los brazos a todos los actores, y a nosotros nos conviene, la entrada tiene otro valor all\u00e1\u201d, dijo.<\/p>\n\n\n\n<p>\u201cSe ha saturado todo lo que es el interior, m\u00e1s los 700 mil uruguayos que a Dios gracias, trabajadores que conozco como el chofer que me acompa\u00f1a siempre, que va a comer a&nbsp;<em>Don Julio<\/em>. \u00a1Sab\u00e9s la alegr\u00eda que me da!\u201d, en referencia a una de las parrilladas porte\u00f1as m\u00e1s famosas y no precisamente econ\u00f3micas. A la vez, resalt\u00f3: Brieva resalt\u00f3:<strong>&nbsp;\u201cTrabajan como vos y tienen la posibilidad de tomarse un buen vino y asaltar la farmacia.<\/strong>&nbsp;Y la alegr\u00eda que me da&#8230; porque de eso se trata, y porque todo esto es c\u00edclico. Un saludo a todos los hermanos uruguayos que est\u00e1n viniendo ac\u00e1 y la est\u00e1n pasando lindo\u201d. De todos modos, el actor volver\u00e1 a Uruguay donde hasta el momento se mantienen en pie los shows que dar\u00e1 durante el mes de agosto en Montevideo.<\/p>\n","protected":false},"excerpt":{"rendered":"<p>Tras visitar diferentes programas del pa\u00eds vecino a modo de promoci\u00f3n, expuso su opini\u00f3n pol\u00edtica y se enfrent\u00f3 a varios periodistas. La resoluci\u00f3n de la productora y la palabra del&hellip; <\/p>\n","protected":false},"author":7,"featured_media":77432,"comment_status":"closed","ping_status":"open","sticky":false,"template":"","format":"standard","meta":{"footnotes":""},"categories":[19],"tags":[],"class_list":["post-77431","post","type-post","status-publish","format-standard","has-post-thumbnail","hentry","category-espectaculos"],"_links":{"self":[{"href":"https:\/\/corrientesdetarde.com\/index.php\/wp-json\/wp\/v2\/posts\/77431","targetHints":{"allow":["GET"]}}],"collection":[{"href":"https:\/\/corrientesdetarde.com\/index.php\/wp-json\/wp\/v2\/posts"}],"about":[{"href":"https:\/\/corrientesdetarde.com\/index.php\/wp-json\/wp\/v2\/types\/post"}],"author":[{"embeddable":true,"href":"https:\/\/corrientesdetarde.com\/index.php\/wp-json\/wp\/v2\/users\/7"}],"replies":[{"embeddable":true,"href":"https:\/\/corrientesdetarde.com\/index.php\/wp-json\/wp\/v2\/comments?post=77431"}],"version-history":[{"count":1,"href":"https:\/\/corrientesdetarde.com\/index.php\/wp-json\/wp\/v2\/posts\/77431\/revisions"}],"predecessor-version":[{"id":77433,"href":"https:\/\/corrientesdetarde.com\/index.php\/wp-json\/wp\/v2\/posts\/77431\/revisions\/77433"}],"wp:featuredmedia":[{"embeddable":true,"href":"https:\/\/corrientesdetarde.com\/index.php\/wp-json\/wp\/v2\/media\/77432"}],"wp:attachment":[{"href":"https:\/\/corrientesdetarde.com\/index.php\/wp-json\/wp\/v2\/media?parent=77431"}],"wp:term":[{"taxonomy":"category","embeddable":true,"href":"https:\/\/corrientesdetarde.com\/index.php\/wp-json\/wp\/v2\/categories?post=77431"},{"taxonomy":"post_tag","embeddable":true,"href":"https:\/\/corrientesdetarde.com\/index.php\/wp-json\/wp\/v2\/tags?post=77431"}],"curies":[{"name":"wp","href":"https:\/\/api.w.org\/{rel}","templated":true}]}}