{"id":77434,"date":"2023-08-01T08:49:18","date_gmt":"2023-08-01T11:49:18","guid":{"rendered":"https:\/\/corrientesdetarde.com\/?p=77434"},"modified":"2023-08-01T08:49:24","modified_gmt":"2023-08-01T11:49:24","slug":"un-nuevo-ataque-de-drones-contra-moscu-causo-danos-en-el-centro-financiero","status":"publish","type":"post","link":"https:\/\/corrientesdetarde.com\/index.php\/internacionales\/un-nuevo-ataque-de-drones-contra-moscu-causo-danos-en-el-centro-financiero\/","title":{"rendered":"<strong>Un nuevo ataque de drones contra Mosc\u00fa caus\u00f3 da\u00f1os en el centro financiero<\/strong>"},"content":{"rendered":"\n<p>El dispositivo se estrell\u00f3 contra el piso 21 de la misma torre que fue afectada en la ofensiva de hace dos d\u00edas en la capital rusa<\/p>\n\n\n\n<p>Un&nbsp;<strong>drone ucraniano impact\u00f3<\/strong>&nbsp;en una torre de oficinas del&nbsp;<strong>centro financiero en Mosc\u00fa<\/strong>&nbsp;durante un ataque en el que&nbsp;<strong>otras aeronaves fueron abatidas<\/strong>, dijeron distintas autoridades rusas el martes.<\/p>\n\n\n\n<p>La zona de negocios en el oeste de la capital donde cay\u00f3 el dron ucraniano,<strong>&nbsp;la City<\/strong>&nbsp;de Mosc\u00fa, ya fue blanco de un ataque el domingo que provoc\u00f3 da\u00f1os en dos torres de oficinas.<\/p>\n\n\n\n<p>\u201cVarios drones que se dirig\u00edan hacia Mosc\u00fa fueron abatidos por los sistemas de defensa a\u00e9rea\u201d, dijo el martes el alcalde de Mosc\u00fa, Sergu\u00e9i Sobianin, en Telegram. \u201c<strong>Uno impact\u00f3 en la misma torre de la City<\/strong>\u201d que result\u00f3 da\u00f1ada durante el fin de semana, agreg\u00f3.<\/p>\n\n\n\n<p>\u201cLa fachada en la&nbsp;<strong>planta 21<\/strong>&nbsp;result\u00f3 da\u00f1ada,&nbsp;<strong>los cristales se rompieron en una superficie de 150 m2<\/strong>. No hay informaci\u00f3n sobre v\u00edctimas\u201d, explic\u00f3 el alcalde, quien inform\u00f3 que los servicios de emergencia se desplazaron al lugar.<\/p>\n\n\n\n<p>El Ministerio de Defensa ruso culp\u00f3 del ataque a Ucrania y explic\u00f3 que su objetivo eran distintas instalaciones en la regi\u00f3n de Mosc\u00fa.<\/p>\n\n\n\n<p>\u201c<strong>Dos (drones) ucranianos fueron destruidos por los sistemas de defensa a\u00e9rea<\/strong>&nbsp;en el territorio de los distritos de Odintsovo y Narofominsk en la regi\u00f3n de Mosc\u00fa\u201d, dijo el ministerio.<\/p>\n\n\n\n<p>\u201cOtro dron fue suprimido mediante la guerra electr\u00f3nica y, al perder el control, se estrell\u00f3 en el territorio de la City de Mosc\u00fa contra un complejo de edificios no residencial\u201d, declar\u00f3.<\/p>\n\n\n\n<p><strong>\u201cProceso inevitable\u201d<\/strong><\/p>\n\n\n\n<p>Poco despu\u00e9s del ataque,&nbsp;<strong>el aeropuerto internacional Vn\u00fakovo de Mosc\u00fa qued\u00f3 cerrado por un breve espacio de tiempo<\/strong>, dijo la agencia de prensa p\u00fablica TASS, citando a los servicios de emergencia. \u201cVn\u00fakovo fue temporalmente cerrado para salidas y llegadas, los aviones son redirigidos a otros aeropuertos\u201d, dijo la agencia, que despu\u00e9s inform\u00f3 de la reanudaci\u00f3n de la actividad.<\/p>\n\n\n\n<p>El domingo, el aeropuerto ya se cerr\u00f3 temporalmente por el ataque ucraniano. Y a principios de mes, una oleada de ataques con drones perturb\u00f3 el tr\u00e1fico a\u00e9reo en esta instalaci\u00f3n al suroeste de Mosc\u00fa.<\/p>\n\n\n\n<p>Los&nbsp;<strong>ataques contra Mosc\u00fa y sus alrededores no eran habituales al comienzo del conflicto,<\/strong>&nbsp;iniciado en febrero de 2022, pero&nbsp;<strong>se intensificaron en los \u00faltimos meses.<\/strong><\/p>\n\n\n\n<p>En mayo de este a\u00f1o, varios drones intentaron atacar el Kremlin.<\/p>\n\n\n\n<p>El lunes, la presidencia rusa consider\u00f3 que estos drones lanzados contra Mosc\u00fa eran un \u201cacto desesperado\u201d de Ucrania ante la lentitud de su contraofensiva, que Rusia considera un fracaso.<\/p>\n\n\n\n<p><strong>Ucrania no suele reivindicar estas operaciones en la retaguardia enemiga<\/strong>, pero el presidente Volodimir Zelensky se\u00f1al\u00f3 el domingo que \u201cla guerra\u201d llega \u201cal territorio ruso, a sus centros simb\u00f3licos y a sus bases militares\u201d. \u201cEs un proceso inevitable, natural y absolutamente justo\u201d, a\u00f1adi\u00f3<\/p>\n","protected":false},"excerpt":{"rendered":"<p>El dispositivo se estrell\u00f3 contra el piso 21 de la misma torre que fue afectada en la ofensiva de hace dos d\u00edas en la capital rusa Un&nbsp;drone ucraniano impact\u00f3&nbsp;en una&hellip; <\/p>\n","protected":false},"author":7,"featured_media":77435,"comment_status":"closed","ping_status":"open","sticky":false,"template":"","format":"standard","meta":{"footnotes":""},"categories":[11],"tags":[],"class_list":["post-77434","post","type-post","status-publish","format-standard","has-post-thumbnail","hentry","category-internacionales"],"_links":{"self":[{"href":"https:\/\/corrientesdetarde.com\/index.php\/wp-json\/wp\/v2\/posts\/77434","targetHints":{"allow":["GET"]}}],"collection":[{"href":"https:\/\/corrientesdetarde.com\/index.php\/wp-json\/wp\/v2\/posts"}],"about":[{"href":"https:\/\/corrientesdetarde.com\/index.php\/wp-json\/wp\/v2\/types\/post"}],"author":[{"embeddable":true,"href":"https:\/\/corrientesdetarde.com\/index.php\/wp-json\/wp\/v2\/users\/7"}],"replies":[{"embeddable":true,"href":"https:\/\/corrientesdetarde.com\/index.php\/wp-json\/wp\/v2\/comments?post=77434"}],"version-history":[{"count":1,"href":"https:\/\/corrientesdetarde.com\/index.php\/wp-json\/wp\/v2\/posts\/77434\/revisions"}],"predecessor-version":[{"id":77436,"href":"https:\/\/corrientesdetarde.com\/index.php\/wp-json\/wp\/v2\/posts\/77434\/revisions\/77436"}],"wp:featuredmedia":[{"embeddable":true,"href":"https:\/\/corrientesdetarde.com\/index.php\/wp-json\/wp\/v2\/media\/77435"}],"wp:attachment":[{"href":"https:\/\/corrientesdetarde.com\/index.php\/wp-json\/wp\/v2\/media?parent=77434"}],"wp:term":[{"taxonomy":"category","embeddable":true,"href":"https:\/\/corrientesdetarde.com\/index.php\/wp-json\/wp\/v2\/categories?post=77434"},{"taxonomy":"post_tag","embeddable":true,"href":"https:\/\/corrientesdetarde.com\/index.php\/wp-json\/wp\/v2\/tags?post=77434"}],"curies":[{"name":"wp","href":"https:\/\/api.w.org\/{rel}","templated":true}]}}