{"id":77437,"date":"2023-08-01T08:56:17","date_gmt":"2023-08-01T11:56:17","guid":{"rendered":"https:\/\/corrientesdetarde.com\/?p=77437"},"modified":"2023-08-01T08:56:28","modified_gmt":"2023-08-01T11:56:28","slug":"juan-carlos-i-cumple-tres-anos-en-su-exilio-dorado-mansion-de-13-millones-playa-privada-y-sala-de-cine","status":"publish","type":"post","link":"https:\/\/corrientesdetarde.com\/index.php\/internacionales\/juan-carlos-i-cumple-tres-anos-en-su-exilio-dorado-mansion-de-13-millones-playa-privada-y-sala-de-cine\/","title":{"rendered":"<strong>Juan Carlos I cumple tres a\u00f1os en su exilio dorado: mansi\u00f3n de 13 millones, playa privada y sala de cine<\/strong>"},"content":{"rendered":"\n<p>Este jueves 3 de agosto se cumplen tres a\u00f1os desde que el em\u00e9rito abandonara Espa\u00f1a y se fuera a vivir a Abu Dabi. Tras pasar unos meses en un hotel, ahora reside en la lujosa isla de Nurai<\/p>\n\n\n\n<p>&nbsp;JUAN CARLOS ultima su estancia en Galicia, tras pasar unos d\u00edas en Sanxenxo disfrutando de una de sus grandes pasiones, la vela. Esta semana (previsiblemente entre este martes y el mi\u00e9rcoles) est\u00e1 previsto que regrese a la que ya es su residencia oficial desde que decidi\u00f3 abandonar Espa\u00f1a en el verano de 2020. Precisamente este jueves 3 de agosto&nbsp;<strong>se cumplen tres a\u00f1os<\/strong>&nbsp;de su exilio dorado en Abu Dabi, un retiro de lujo bajo la protecci\u00f3n de una de las familias m\u00e1s poderosas, ricas e influyentes de Oriente Medio,&nbsp;<strong>el clan al-Nahyan.<\/strong><\/p>\n\n\n\n<p>El em\u00e9rito reside en la id\u00edlica&nbsp;<strong>isla de Nurai<\/strong>, cuarenta y tres hect\u00e1reas de terreno (una tercera parte del parque del Retiro) construido en medio del mar en el a\u00f1o 2014. La isla recibi\u00f3 el premio al proyecto m\u00e1s lujoso del mundo de la revista norteamericana&nbsp;<em>Newsweek<\/em>&nbsp;y las agencias de viajes lo venden como las&nbsp;<em>Maldivas del Medio Oriente<\/em>. Se aloja en uno de los once palacetes o&nbsp;<em>Estates Villas<\/em>&nbsp;de dise\u00f1o vanguardista que ocupan una de las playas de la peque\u00f1a isla.<\/p>\n\n\n\n<p>Cada una de esas once mansiones tiene una superficie media de 1.700 metros cuadrados, m\u00e1s otros 4.000 de jard\u00edn. Su alquiler ronda los 30.000 euros por noche, aunque solo algunas de ellas est\u00e1n disponibles. La mayor\u00eda tienen due\u00f1o o est\u00e1n a la venta por un precio pr\u00f3ximo a los&nbsp;<strong>13 millones de euros<\/strong>. La villa del em\u00e9rito tiene dos plantas y est\u00e1 protegida del exterior con grandes marquesinas. Dispone de seis habitaciones y siete ba\u00f1os, un amplio patio, una playa privada, sauna, jacuzzi, sala de juegos, billar, futbol\u00edn, sala de cine, despacho, una sala m\u00e9dica y una piscina con temperatura regulable.<\/p>\n\n\n\n<p>En la planta superior se situaban las habitaciones de servicio. El Gobierno espa\u00f1ol&nbsp;<em>asume el coste de su protecci\u00f3n<\/em>. Su jefe de seguridad, el guardia civil&nbsp;<strong>Vicente Garc\u00eda-Mochales<\/strong>, le acompa\u00f1a desde el primer d\u00eda. Lleva dos d\u00e9cadas junto a \u00e9l. El c\u00edrculo de seguridad del monarca tambi\u00e9n est\u00e1 integrado por escoltas seleccionados y pagados por el Ministerio del Interior, as\u00ed como por un equipo de agentes del CNI. Completan su dispositivo de protecci\u00f3n efectivos del servicio de inteligencia de Abu Dabi, la polic\u00eda nacional del pa\u00eds y la seguridad privada de La \u00fanica manera de entrar o salir de la isla es por aire o por mar. Los gestores del resort, bautizado como Zaya Nurai, ofrecen un transporte en lancha r\u00e1pida desde el centro de Abu Dabi que tarda unos diez minutos en recorrer el trayecto. Los inquilinos de la isla se tienen que mover dentro de ella en peque\u00f1os veh\u00edculos el\u00e9ctricos.&nbsp;<strong>En Nurai no hay calles<\/strong>, sino estrechos caminos asfaltados similares a los de los campos de golf que discurren en medio de arbustos y palmeras. La temperatura media durante todo el a\u00f1o es de unos 20 grados, aunque en julio y agosto supera los 40 grados. No es problema para Juan Carlos I. Su casa est\u00e1 perfectamente climatizada.<\/p>\n\n\n\n<p>La \u00faltima biograf\u00eda autorizada sobre Juan Carlos I,&nbsp;<em>Mi rey ca\u00eddo<\/em>&nbsp;(Debate, 2022), escrita por la periodista francesa&nbsp;<strong>Laurence Debray<\/strong>&nbsp;y publicada en marzo de 2022, cont\u00f3 que vive aislado f\u00edsicamente, pero conectado con Espa\u00f1a con la \u201ctecnolog\u00eda para burlar la nostalgia\u201d. La autora del libro escribi\u00f3 que se acostaba pronto y se levantaba temprano, le\u00eda la prensa espa\u00f1ola, manten\u00eda conversaciones \u201cinterminables\u201d con sus abogados y \u201ccon los pocos amigos que le quedan\u201d y echaba de menos la comida espa\u00f1ola, aunque un \u201cc\u00f3mplice le env\u00eda jam\u00f3n serrano\u201d. No es del todo cierto. Con frecuencia recibe visitas de amigos de su m\u00e1ximo confianza y de sus hijas,&nbsp;<strong>las infantas Cristina y Elena.&nbsp;<\/strong>Esta \u00faltima estuvo en abril de este a\u00f1o.<\/p>\n\n\n\n<p>Tambi\u00e9n le visita con cierta asiduidad su m\u00e9dico personal desde Espa\u00f1a, que le ha puesto una dieta estricta y ejercicio para que baje peso y recupere algo de movilidad. De hecho, estos d\u00edas en Sanxenxo se le ha visto mucho m\u00e1s delgado. No hay que olvidar que Juan Carlos I ha pasado<strong>&nbsp;casi una veintena de veces por el quir\u00f3fano<\/strong>&nbsp;y ha tenido graves lesiones en la cadera, rodillas y tobillos. A sus 85 a\u00f1os su objetivo es intentar seguir navegando y participar en competiciones oficiales con&nbsp;<em>el Brib\u00f3n.<\/em><\/p>\n\n\n\n<p><strong>Primero, en un hotel<\/strong><\/p>\n\n\n\n<p>Esta residencia no ha sido la \u00fanica que Juan Carlos I ha tenido en Abu Dabi. Nada m\u00e1s llegar se aloj\u00f3 en el lujoso Hotel Emirates Palace, propiedad de la familia real del emirato, un resort de 395 habitaciones con 1,3 kil\u00f3metros de playa privada. El em\u00e9rito ocup\u00f3 hasta noviembre de 2020 una suite de 470 metros cuadrados que cuesta 11.000 euros la noche. El gran valedor del em\u00e9rito es el general y piloto&nbsp;<strong>Mohammed Bin Zayed al-Nahyan<\/strong>&nbsp;(conocido internacionalmente como MBZ), hijo de Zayed (creador de los Emiratos) y presidente de Emiratos \u00c1rabes Unidos desde mayo de 2022. Emiratos es uno de los Estados \u00e1rabes que, seg\u00fan Amnist\u00eda Internacional, persigue a los partidos pol\u00edticos, realiza detenciones arbitrarias, tortura a reclusos, castiga la homosexualidad con altas penas de prisi\u00f3n y niega derechos b\u00e1sicos a las mujeres.<\/p>\n\n\n\n<p>Juan Carlos I est\u00e1 barajando&nbsp;<strong>dejar la isla de Nurai<\/strong>&nbsp;y trasladarse a otro complejo de lujo y mucho mejor protegido y m\u00e1s discreto, una residencia que pertenece al Gobierno de los Emiratos y que es de una solo planta. Es decir, no tendr\u00eda escaleras y facilitar\u00eda la movilidad del monarca. De momento no hay planes de que Juan Carlos I abandone Abu Dabi y regrese definitivamente a Espa\u00f1a. Su hijo, Felipe VI, prefiere que siga siendo as\u00ed (ambos pactaron su marcha hace tres a\u00f1os con el benepl\u00e1cito del Ejecutivo de&nbsp;<strong>Pedro S\u00e1nchez<\/strong>) y que el em\u00e9rito haga viajes espor\u00e1dicos y discretos a Espa\u00f1a. Desde que llego al emirato en el verano de 2020 solo ha regresado tres veces a nuestro pa\u00eds, en todas las ocasiones a Galicia.<\/p>\n","protected":false},"excerpt":{"rendered":"<p>Este jueves 3 de agosto se cumplen tres a\u00f1os desde que el em\u00e9rito abandonara Espa\u00f1a y se fuera a vivir a Abu Dabi. Tras pasar unos meses en un hotel,&hellip; <\/p>\n","protected":false},"author":7,"featured_media":77438,"comment_status":"closed","ping_status":"open","sticky":false,"template":"","format":"standard","meta":{"footnotes":""},"categories":[11],"tags":[],"class_list":["post-77437","post","type-post","status-publish","format-standard","has-post-thumbnail","hentry","category-internacionales"],"_links":{"self":[{"href":"https:\/\/corrientesdetarde.com\/index.php\/wp-json\/wp\/v2\/posts\/77437","targetHints":{"allow":["GET"]}}],"collection":[{"href":"https:\/\/corrientesdetarde.com\/index.php\/wp-json\/wp\/v2\/posts"}],"about":[{"href":"https:\/\/corrientesdetarde.com\/index.php\/wp-json\/wp\/v2\/types\/post"}],"author":[{"embeddable":true,"href":"https:\/\/corrientesdetarde.com\/index.php\/wp-json\/wp\/v2\/users\/7"}],"replies":[{"embeddable":true,"href":"https:\/\/corrientesdetarde.com\/index.php\/wp-json\/wp\/v2\/comments?post=77437"}],"version-history":[{"count":1,"href":"https:\/\/corrientesdetarde.com\/index.php\/wp-json\/wp\/v2\/posts\/77437\/revisions"}],"predecessor-version":[{"id":77439,"href":"https:\/\/corrientesdetarde.com\/index.php\/wp-json\/wp\/v2\/posts\/77437\/revisions\/77439"}],"wp:featuredmedia":[{"embeddable":true,"href":"https:\/\/corrientesdetarde.com\/index.php\/wp-json\/wp\/v2\/media\/77438"}],"wp:attachment":[{"href":"https:\/\/corrientesdetarde.com\/index.php\/wp-json\/wp\/v2\/media?parent=77437"}],"wp:term":[{"taxonomy":"category","embeddable":true,"href":"https:\/\/corrientesdetarde.com\/index.php\/wp-json\/wp\/v2\/categories?post=77437"},{"taxonomy":"post_tag","embeddable":true,"href":"https:\/\/corrientesdetarde.com\/index.php\/wp-json\/wp\/v2\/tags?post=77437"}],"curies":[{"name":"wp","href":"https:\/\/api.w.org\/{rel}","templated":true}]}}