{"id":7748,"date":"2022-10-01T21:31:48","date_gmt":"2022-10-02T00:31:48","guid":{"rendered":"https:\/\/corrientesdetarde.com\/?p=7748"},"modified":"2022-10-01T21:31:54","modified_gmt":"2022-10-02T00:31:54","slug":"misiones-iba-por-ruta-12-en-moto-choco-con-un-auto-de-frente-y-murio","status":"publish","type":"post","link":"https:\/\/corrientesdetarde.com\/index.php\/crimen-y-justicia\/misiones-iba-por-ruta-12-en-moto-choco-con-un-auto-de-frente-y-murio\/","title":{"rendered":"Misiones: iba por Ruta 12 en moto, choc\u00f3 con un auto de frente y muri\u00f3"},"content":{"rendered":"\n<p>Un hombre identificado como Emanuel Rodr\u00edguez perdi\u00f3 la vida este s\u00e1bado tras sufrir m\u00faltiples lesiones luego de impactar de frente ante un veh\u00edculo en la Ruta Nacional N\u00b0 12. El hecho ocurri\u00f3 en Puerto Esperanza, provincia de Misiones.<\/p>\n\n\n\n<p><strong>El mes de octubre comenz\u00f3 con una v\u00edctima fatal en Misiones producto de un siniestro vial.<\/strong>&nbsp;Este s\u00e1bado, en el kil\u00f3metro 1588 de la Ruta Nacional N 12, la&nbsp;polic\u00eda misionera constat\u00f3 que un hombre perdi\u00f3 la vida tras chocar de frente contra un veh\u00edculo.&nbsp;<\/p>\n\n\n\n<p>De acuerdo a lo que informaron, minutos despu\u00e9s de las 6 de la ma\u00f1ana,\u00a0<strong>una motocicleta se habr\u00eda cruzado de carril en la ruta e impact\u00f3 de lleno contra un Gol Trend que iba en sentido Eldorado-Puerto Iguaz\u00fa<\/strong>.\u00a0<\/p>\n\n\n\n<p>A ra\u00edz del impacto,&nbsp;<strong>el conductor del rodado menor sali\u00f3 despedido hacia la banquina y perdi\u00f3 la vida producto de las m\u00faltiples lesiones que sufri\u00f3<\/strong>. En tanto, Ram\u00f3n M.,conductor del veh\u00edculo result\u00f3 ileso.&nbsp;<\/p>\n\n\n\n<p>Posteriormente Personal de la Divisi\u00f3n Criminal\u00edstica y el bioqu\u00edmico realiz\u00f3 los trabajos de rigor, para establecer c\u00f3mo ocurri\u00f3 el hecho. En tanto,&nbsp;<strong>el m\u00e9dico que recibi\u00f3 el cad\u00e1ver diagnostic\u00f3 que la muerte fue por fractura de cr\u00e1neo<\/strong>.<\/p>\n\n\n\n<p>Por \u00faltimo, se dispuso que se haga entrega cad\u00e1ver a familiares para su velatorio y posterior inhumaci\u00f3n, se proceda notificaci\u00f3n causa al conductor del rodado mayor.<\/p>\n","protected":false},"excerpt":{"rendered":"<p>Un hombre identificado como Emanuel Rodr\u00edguez perdi\u00f3 la vida este s\u00e1bado tras sufrir m\u00faltiples lesiones luego de impactar de frente ante un veh\u00edculo en la Ruta Nacional N\u00b0 12. El&hellip; <\/p>\n","protected":false},"author":1,"featured_media":7749,"comment_status":"closed","ping_status":"open","sticky":false,"template":"","format":"standard","meta":{"footnotes":""},"categories":[5],"tags":[],"class_list":["post-7748","post","type-post","status-publish","format-standard","has-post-thumbnail","hentry","category-crimen-y-justicia"],"_links":{"self":[{"href":"https:\/\/corrientesdetarde.com\/index.php\/wp-json\/wp\/v2\/posts\/7748","targetHints":{"allow":["GET"]}}],"collection":[{"href":"https:\/\/corrientesdetarde.com\/index.php\/wp-json\/wp\/v2\/posts"}],"about":[{"href":"https:\/\/corrientesdetarde.com\/index.php\/wp-json\/wp\/v2\/types\/post"}],"author":[{"embeddable":true,"href":"https:\/\/corrientesdetarde.com\/index.php\/wp-json\/wp\/v2\/users\/1"}],"replies":[{"embeddable":true,"href":"https:\/\/corrientesdetarde.com\/index.php\/wp-json\/wp\/v2\/comments?post=7748"}],"version-history":[{"count":1,"href":"https:\/\/corrientesdetarde.com\/index.php\/wp-json\/wp\/v2\/posts\/7748\/revisions"}],"predecessor-version":[{"id":7750,"href":"https:\/\/corrientesdetarde.com\/index.php\/wp-json\/wp\/v2\/posts\/7748\/revisions\/7750"}],"wp:featuredmedia":[{"embeddable":true,"href":"https:\/\/corrientesdetarde.com\/index.php\/wp-json\/wp\/v2\/media\/7749"}],"wp:attachment":[{"href":"https:\/\/corrientesdetarde.com\/index.php\/wp-json\/wp\/v2\/media?parent=7748"}],"wp:term":[{"taxonomy":"category","embeddable":true,"href":"https:\/\/corrientesdetarde.com\/index.php\/wp-json\/wp\/v2\/categories?post=7748"},{"taxonomy":"post_tag","embeddable":true,"href":"https:\/\/corrientesdetarde.com\/index.php\/wp-json\/wp\/v2\/tags?post=7748"}],"curies":[{"name":"wp","href":"https:\/\/api.w.org\/{rel}","templated":true}]}}