{"id":77553,"date":"2023-08-01T17:15:55","date_gmt":"2023-08-01T20:15:55","guid":{"rendered":"https:\/\/corrientesdetarde.com\/?p=77553"},"modified":"2023-08-01T17:16:00","modified_gmt":"2023-08-01T20:16:00","slug":"la-municipalidad-invito-cana-con-ruda-y-revalorizo-la-cultura-ancestral","status":"publish","type":"post","link":"https:\/\/corrientesdetarde.com\/index.php\/sociales\/la-municipalidad-invito-cana-con-ruda-y-revalorizo-la-cultura-ancestral\/","title":{"rendered":"La Municipalidad invit\u00f3 ca\u00f1a con ruda y revaloriz\u00f3 la cultura ancestral\u00a0"},"content":{"rendered":"\n<p><em>La secretar\u00eda de Cultura y Educaci\u00f3n dispuso este martes espacios ubicados en la plaza Cabral, plaza Vera, Casa Molinas y Casa del Bicentenario para que los vecinos y turistas puedan cumplir con el ritual de los 3 sorbos.<\/em><\/p>\n\n\n\n<p>La Municipalidad de Corrientes ofreci\u00f3 este martes la ca\u00f1a con ruda a vecinos y turistas para revivir la tradicional costumbre guaran\u00edtica. Se instalaron cuatro stands en diferentes espacios p\u00fablicos que contaron con m\u00fasica, baile y se comparti\u00f3 la historia de la bebida ancestral.<br><br>Bajo el lema \u201cCa\u00f1a con Ruda, ven\u00ed a compartir con nosotros esta celebraci\u00f3n\u201d, la iniciativa fue llevada adelante por la secretar\u00eda de Cultura y Educaci\u00f3n, con el objetivo de revalorizar la cultura de la provincia.<br><br>En ese marco, el secretario de Cultura y Educaci\u00f3n, Jos\u00e9 Sand, realiz\u00f3 una recorrida por los diferentes espacios ubicados en la plaza Cabral (Jun\u00edn y San Lorenzo), plaza Vera (Jun\u00edn entre La Rioja y San Juan), Casa Molinas (Pellegrini 937) y Casa del Bicentenario (avenida Laprida y avenida Caracas).<br><br>\u201cLa Municipalidad viene fortaleciendo nuestras tradiciones para que se vaya trasladando de generaci\u00f3n en generaci\u00f3n\u201d, afirm\u00f3 Jos\u00e9 Sand, quien destac\u00f3 la participaci\u00f3n de los vecinos y turistas que se acercaron a cada stand.<br><br>A su vez, el secretario de Cultura y Educaci\u00f3n se\u00f1al\u00f3 que \u201ces muy importante sostener lo nuestro, sostener de d\u00f3nde venimos, nuestras creencias, esta tradici\u00f3n de la ca\u00f1a con ruda la debemos sostener entre todos\u201d. &nbsp;<br><br>Adem\u00e1s, sostuvo que desde su \u00e1rea \u201cse seguir\u00e1 trabajando por otras fechas m\u00e1s para reivindicar nuestros valores, nuestras tradiciones. Corrientes tiene mucha identidad, y nosotros como pol\u00edtica cultural tenemos que trabajar para seguir sosteniendo\u201d.&nbsp;<br><br><a href=\"https:\/\/ciudaddecorrientes.us12.list-manage.com\/track\/click?u=253e4bcff71216c6af771c3c9&amp;id=4fe3e73d9a&amp;e=17643edfa8\" target=\"_blank\" rel=\"noreferrer noopener\">NOTA TV.<\/a><br>Jos\u00e9 Sand, secretario de Cultura y Educaci\u00f3n.<\/p>\n\n\n\n<figure class=\"wp-block-image size-large\"><img loading=\"lazy\" decoding=\"async\" width=\"1024\" height=\"682\" src=\"https:\/\/corrientesdetarde.com\/wp-content\/uploads\/2023\/08\/image-34-1024x682.png\" alt=\"\" class=\"wp-image-77554\" srcset=\"https:\/\/corrientesdetarde.com\/wp-content\/uploads\/2023\/08\/image-34-1024x682.png 1024w, https:\/\/corrientesdetarde.com\/wp-content\/uploads\/2023\/08\/image-34-300x200.png 300w, https:\/\/corrientesdetarde.com\/wp-content\/uploads\/2023\/08\/image-34-768x512.png 768w, https:\/\/corrientesdetarde.com\/wp-content\/uploads\/2023\/08\/image-34.png 1280w\" sizes=\"auto, (max-width: 1024px) 100vw, 1024px\" \/><\/figure>\n\n\n\n<figure class=\"wp-block-image size-large\"><img loading=\"lazy\" decoding=\"async\" width=\"1024\" height=\"682\" src=\"https:\/\/corrientesdetarde.com\/wp-content\/uploads\/2023\/08\/image-35-1024x682.png\" alt=\"\" class=\"wp-image-77555\" srcset=\"https:\/\/corrientesdetarde.com\/wp-content\/uploads\/2023\/08\/image-35-1024x682.png 1024w, https:\/\/corrientesdetarde.com\/wp-content\/uploads\/2023\/08\/image-35-300x200.png 300w, https:\/\/corrientesdetarde.com\/wp-content\/uploads\/2023\/08\/image-35-768x512.png 768w, https:\/\/corrientesdetarde.com\/wp-content\/uploads\/2023\/08\/image-35.png 1280w\" sizes=\"auto, (max-width: 1024px) 100vw, 1024px\" \/><\/figure>\n\n\n\n<figure class=\"wp-block-image size-large\"><img loading=\"lazy\" decoding=\"async\" width=\"1024\" height=\"682\" src=\"https:\/\/corrientesdetarde.com\/wp-content\/uploads\/2023\/08\/image-36-1024x682.png\" alt=\"\" class=\"wp-image-77556\" srcset=\"https:\/\/corrientesdetarde.com\/wp-content\/uploads\/2023\/08\/image-36-1024x682.png 1024w, https:\/\/corrientesdetarde.com\/wp-content\/uploads\/2023\/08\/image-36-300x200.png 300w, https:\/\/corrientesdetarde.com\/wp-content\/uploads\/2023\/08\/image-36-768x512.png 768w, https:\/\/corrientesdetarde.com\/wp-content\/uploads\/2023\/08\/image-36.png 1280w\" sizes=\"auto, (max-width: 1024px) 100vw, 1024px\" \/><\/figure>\n\n\n\n<figure class=\"wp-block-image size-large\"><img loading=\"lazy\" decoding=\"async\" width=\"1024\" height=\"682\" src=\"https:\/\/corrientesdetarde.com\/wp-content\/uploads\/2023\/08\/image-37-1024x682.png\" alt=\"\" class=\"wp-image-77557\" srcset=\"https:\/\/corrientesdetarde.com\/wp-content\/uploads\/2023\/08\/image-37-1024x682.png 1024w, https:\/\/corrientesdetarde.com\/wp-content\/uploads\/2023\/08\/image-37-300x200.png 300w, https:\/\/corrientesdetarde.com\/wp-content\/uploads\/2023\/08\/image-37-768x512.png 768w, https:\/\/corrientesdetarde.com\/wp-content\/uploads\/2023\/08\/image-37.png 1280w\" sizes=\"auto, (max-width: 1024px) 100vw, 1024px\" \/><\/figure>\n\n\n\n<figure class=\"wp-block-image size-large\"><img loading=\"lazy\" decoding=\"async\" width=\"1024\" height=\"682\" src=\"https:\/\/corrientesdetarde.com\/wp-content\/uploads\/2023\/08\/image-38-1024x682.png\" alt=\"\" class=\"wp-image-77558\" srcset=\"https:\/\/corrientesdetarde.com\/wp-content\/uploads\/2023\/08\/image-38-1024x682.png 1024w, https:\/\/corrientesdetarde.com\/wp-content\/uploads\/2023\/08\/image-38-300x200.png 300w, https:\/\/corrientesdetarde.com\/wp-content\/uploads\/2023\/08\/image-38-768x512.png 768w, https:\/\/corrientesdetarde.com\/wp-content\/uploads\/2023\/08\/image-38.png 1280w\" sizes=\"auto, (max-width: 1024px) 100vw, 1024px\" \/><\/figure>\n","protected":false},"excerpt":{"rendered":"<p>La secretar\u00eda de Cultura y Educaci\u00f3n dispuso este martes espacios ubicados en la plaza Cabral, plaza Vera, Casa Molinas y Casa del Bicentenario para que los vecinos y turistas puedan&hellip; <\/p>\n","protected":false},"author":8,"featured_media":77554,"comment_status":"closed","ping_status":"open","sticky":false,"template":"","format":"standard","meta":{"footnotes":""},"categories":[17],"tags":[],"class_list":["post-77553","post","type-post","status-publish","format-standard","has-post-thumbnail","hentry","category-sociales"],"_links":{"self":[{"href":"https:\/\/corrientesdetarde.com\/index.php\/wp-json\/wp\/v2\/posts\/77553","targetHints":{"allow":["GET"]}}],"collection":[{"href":"https:\/\/corrientesdetarde.com\/index.php\/wp-json\/wp\/v2\/posts"}],"about":[{"href":"https:\/\/corrientesdetarde.com\/index.php\/wp-json\/wp\/v2\/types\/post"}],"author":[{"embeddable":true,"href":"https:\/\/corrientesdetarde.com\/index.php\/wp-json\/wp\/v2\/users\/8"}],"replies":[{"embeddable":true,"href":"https:\/\/corrientesdetarde.com\/index.php\/wp-json\/wp\/v2\/comments?post=77553"}],"version-history":[{"count":1,"href":"https:\/\/corrientesdetarde.com\/index.php\/wp-json\/wp\/v2\/posts\/77553\/revisions"}],"predecessor-version":[{"id":77559,"href":"https:\/\/corrientesdetarde.com\/index.php\/wp-json\/wp\/v2\/posts\/77553\/revisions\/77559"}],"wp:featuredmedia":[{"embeddable":true,"href":"https:\/\/corrientesdetarde.com\/index.php\/wp-json\/wp\/v2\/media\/77554"}],"wp:attachment":[{"href":"https:\/\/corrientesdetarde.com\/index.php\/wp-json\/wp\/v2\/media?parent=77553"}],"wp:term":[{"taxonomy":"category","embeddable":true,"href":"https:\/\/corrientesdetarde.com\/index.php\/wp-json\/wp\/v2\/categories?post=77553"},{"taxonomy":"post_tag","embeddable":true,"href":"https:\/\/corrientesdetarde.com\/index.php\/wp-json\/wp\/v2\/tags?post=77553"}],"curies":[{"name":"wp","href":"https:\/\/api.w.org\/{rel}","templated":true}]}}