{"id":77577,"date":"2023-08-01T17:57:58","date_gmt":"2023-08-01T20:57:58","guid":{"rendered":"https:\/\/corrientesdetarde.com\/?p=77577"},"modified":"2023-08-01T17:58:05","modified_gmt":"2023-08-01T20:58:05","slug":"maxi-lopez-tuvo-otro-llamativo-gesto-en-contra-de-wanda-nara-despues-de-dejar-de-seguirla-en-instagram","status":"publish","type":"post","link":"https:\/\/corrientesdetarde.com\/index.php\/espectaculos\/maxi-lopez-tuvo-otro-llamativo-gesto-en-contra-de-wanda-nara-despues-de-dejar-de-seguirla-en-instagram\/","title":{"rendered":"Maxi L\u00f3pez tuvo otro llamativo gesto en contra de Wanda Nara despu\u00e9s de dejar de seguirla en Instagram"},"content":{"rendered":"\n<p>Seg\u00fan trascendi\u00f3, el viaje de la empresaria a Turqu\u00eda para acompa\u00f1ar a Mauro Icardi habr\u00eda generado discordia en el entorno familiar.<\/p>\n\n\n\n<p>Semanas atr\u00e1s,\u00a0M\u00e1xi L\u00f3pez regres\u00f3 a la Argentina para estar con sus tres hijos, tras conocerse que Wanda Nara\u00a0padece un problema de salud. Sin embargo, este domingo se encendieron las alarmas, ya que\u00a0el exfutbolista dej\u00f3 de seguir en redes sociales a la mediatica.<\/p>\n\n\n\n<p>Hace minutos, lleg\u00f3 la confirmaci\u00f3n de un quiebre familiar. \u00bfC\u00f3mo?\u00a0<strong>Maxi like\u00f3 un pol\u00e9mico comentario en contra de la madre de sus hijos.<\/strong><\/p>\n\n\n\n<figure class=\"wp-block-image\"><img decoding=\"async\" src=\"https:\/\/tn.com.ar\/resizer\/ODf63H6UT6s5SecxoN0kxFKd0gA=\/767x0\/smart\/filters:format(webp)\/cloudfront-us-east-1.images.arcpublishing.com\/artear\/63XGJTVRVNH6ZCI6IUBQO65RAY.jpg\" alt=\"Maxi L\u00f3pez se habr\u00eda enfurecido por la decisi\u00f3n de Wanda Nara de regresar a Turqu\u00eda para acompa\u00f1ar a Mauro Icardi. (Foto:  Instagram\/officialmaxilopez-wanda_nara).\"\/><\/figure>\n\n\n\n<h2 class=\"wp-block-heading\">Maxi L\u00f3pez like\u00f3 un pol\u00e9mico comentario contra Wanda Nara<\/h2>\n\n\n\n<p>Todo ocurri\u00f3 en\u00a0el posteo de Daniela Christiansson, la pareja de M\u00e1xi L\u00f3pez, quien celebr\u00f3 los cuatro meses de su peque\u00f1a hija Elle. <\/p>\n\n\n\n<p>\u201cFelices cuarto meses a mi peque\u00f1o sol. Me estoy volviendo un poco sensible al darme cuenta de lo r\u00e1pido que est\u00e1s creciendo. Pero&nbsp;<strong>somos padres incre\u00edblemente afortunados de tener una ni\u00f1a tan hermosa y divertida.&nbsp;<\/strong>Estoy tan agradecida\u201d, expres\u00f3.<\/p>\n\n\n\n<figure class=\"wp-block-image\"><img decoding=\"async\" src=\"https:\/\/tn.com.ar\/resizer\/4Lj-mFOvAQlh4wDs7b97GucAJvo=\/767x0\/smart\/filters:format(webp)\/cloudfront-us-east-1.images.arcpublishing.com\/artear\/KZ3PQ6DUVNAVBOVIMPEJYXZPAA.jpg\" alt=\"Daniela Christiansson y Maxi L\u00f3pez tuvieron un tierno ida y vuelta en redes sociales. (Foto: Captura Instagram \/danielachristiansson)\"\/><\/figure>\n\n\n\n<p>Maxi no solo le puso me gusta al posteo, sino que adem\u00e1s escribi\u00f3:&nbsp;<strong>\u201cFelices 4 meses, mi amor. Papi ya vuelve a casa\u201d.<\/strong>&nbsp;<strong>\u201cS\u00ed. Te extra\u00f1amos\u201d<\/strong>, le respondi\u00f3 muy entusiasmada su pareja junto a un emoji de enamorada.<\/p>\n\n\n\n<figure class=\"wp-block-image\"><img decoding=\"async\" src=\"https:\/\/tn.com.ar\/resizer\/8mKFPO46mWULpVQpHfWCwN1Vjvs=\/767x0\/smart\/filters:format(webp)\/cloudfront-us-east-1.images.arcpublishing.com\/artear\/SRP5W2BVF5DTDBM6U3ZQBUQQKY.JPG\" alt=\"Maxi L\u00f3pez like\u00f3 un pol\u00e9mico comentario contra Wanda Nara. (Foto: Captura Instagram \/gossipeame)\"\/><\/figure>\n\n\n\n<p>Una usuaria llamada&nbsp;<em>lapazsofii&nbsp;<\/em>coment\u00f3 el posteo en contra de la empresaria.&nbsp;<strong>\u201cLo bien que hac\u00e9s, Maxi. Menos mal dejaste de seguirle el juego a Wanda\u201d<\/strong>, le dijo.&nbsp;<strong>Entre los likes se destac\u00f3 nada m\u00e1s y nada menos que el del exfutbolista.<\/strong><\/p>\n\n\n\n<figure class=\"wp-block-image\"><img decoding=\"async\" src=\"https:\/\/tn.com.ar\/resizer\/O8nBMM8o6a9jTgGR-rQk3BINEzQ=\/767x0\/smart\/filters:format(webp)\/cloudfront-us-east-1.images.arcpublishing.com\/artear\/6MVCOJVSBZHRTJGJV6FJ6TTOXQ.JPG\" alt=\"Maxi L\u00f3pez like\u00f3 un comentario en contra de Wanda Nara. (Foto: Instagram \/danielachristiansson)\"\/><\/figure>\n\n\n\n<h2 class=\"wp-block-heading\">Por qu\u00e9 Maxi L\u00f3pez se enfureci\u00f3 con Wanda Nara<\/h2>\n\n\n\n<p>El jueves pasado, Rodrigo Lussich dio a conocer una fuerte&nbsp;<strong>interna familiar<\/strong>&nbsp;entre la conductora y&nbsp;<strong>Maxi L\u00f3pez<\/strong>, su exmarido y padre de sus tres hijos varones: Valentino, Constantino y Benedicto.<\/p>\n\n\n\n<p>Seg\u00fan expusieron al aire de&nbsp;<em>Socios del espect\u00e1culo (eltrece)<\/em>,a L\u00f3pez no le habr\u00eda gustado que Wanda decidiera volver a Turqu\u00eda en medio de su cuadro de salud. Los motivos de retorno&nbsp;<strong>son por los compromisos laborales que su marido, Mauro Icardi, debe cumplir con el club Galatasaray<\/strong>.<\/p>\n\n\n\n<figure class=\"wp-block-image\"><img decoding=\"async\" src=\"https:\/\/tn.com.ar\/resizer\/_UmIcsas_j95ykfe9hUVnFnNdjo=\/767x0\/smart\/filters:format(webp)\/cloudfront-us-east-1.images.arcpublishing.com\/artear\/SHUX5LRF45DEPP6ATQRHPIHJKQ.PNG\" alt=\"La historia con el dardo que Mauro Icardi le lanz\u00f3 a L-Gante. (Foto: Instagram \/ mauroicardi)\"\/><\/figure>\n\n\n\n<p>A L\u00f3pez no le habr\u00eda gustado que la presentadora decidiera volver a Turqu\u00eda en medio de su cuadro de salud. Los motivos de retorno de la conductora de&nbsp;<em>MasterChef (Telefe)<\/em>&nbsp;<strong>son por los compromisos laborales que su marido, Mauro Icardi, debe cumplir con el club Galatasaray<\/strong>.<\/p>\n\n\n\n<p>Por su parte, Adri\u00e1n Pallares, tambi\u00e9n conductor del ciclo, sum\u00f3 haciendo referencia a los hijos varones de Nara: \u201cValentino est\u00e1 jugando en River, y se va a quedar (en Argentina). Despu\u00e9s, los otros dos, tampoco quieren irse. Las chiquitas, obviamente son m\u00e1s chiquitas, y se ir\u00e1n con la mam\u00e1, pero&nbsp;<strong>ah\u00ed hay una cuesti\u00f3n de tire y afloje<\/strong>&nbsp;porque Maxi quiere ver la forma de organizar para que los ni\u00f1os se queden en la Argentina\u201d.<\/p>\n","protected":false},"excerpt":{"rendered":"<p>Seg\u00fan trascendi\u00f3, el viaje de la empresaria a Turqu\u00eda para acompa\u00f1ar a Mauro Icardi habr\u00eda generado discordia en el entorno familiar. Semanas atr\u00e1s,\u00a0M\u00e1xi L\u00f3pez regres\u00f3 a la Argentina para estar&hellip; <\/p>\n","protected":false},"author":8,"featured_media":77578,"comment_status":"closed","ping_status":"open","sticky":false,"template":"","format":"standard","meta":{"footnotes":""},"categories":[19],"tags":[],"class_list":["post-77577","post","type-post","status-publish","format-standard","has-post-thumbnail","hentry","category-espectaculos"],"_links":{"self":[{"href":"https:\/\/corrientesdetarde.com\/index.php\/wp-json\/wp\/v2\/posts\/77577","targetHints":{"allow":["GET"]}}],"collection":[{"href":"https:\/\/corrientesdetarde.com\/index.php\/wp-json\/wp\/v2\/posts"}],"about":[{"href":"https:\/\/corrientesdetarde.com\/index.php\/wp-json\/wp\/v2\/types\/post"}],"author":[{"embeddable":true,"href":"https:\/\/corrientesdetarde.com\/index.php\/wp-json\/wp\/v2\/users\/8"}],"replies":[{"embeddable":true,"href":"https:\/\/corrientesdetarde.com\/index.php\/wp-json\/wp\/v2\/comments?post=77577"}],"version-history":[{"count":1,"href":"https:\/\/corrientesdetarde.com\/index.php\/wp-json\/wp\/v2\/posts\/77577\/revisions"}],"predecessor-version":[{"id":77579,"href":"https:\/\/corrientesdetarde.com\/index.php\/wp-json\/wp\/v2\/posts\/77577\/revisions\/77579"}],"wp:featuredmedia":[{"embeddable":true,"href":"https:\/\/corrientesdetarde.com\/index.php\/wp-json\/wp\/v2\/media\/77578"}],"wp:attachment":[{"href":"https:\/\/corrientesdetarde.com\/index.php\/wp-json\/wp\/v2\/media?parent=77577"}],"wp:term":[{"taxonomy":"category","embeddable":true,"href":"https:\/\/corrientesdetarde.com\/index.php\/wp-json\/wp\/v2\/categories?post=77577"},{"taxonomy":"post_tag","embeddable":true,"href":"https:\/\/corrientesdetarde.com\/index.php\/wp-json\/wp\/v2\/tags?post=77577"}],"curies":[{"name":"wp","href":"https:\/\/api.w.org\/{rel}","templated":true}]}}