{"id":77594,"date":"2023-08-01T18:38:43","date_gmt":"2023-08-01T21:38:43","guid":{"rendered":"https:\/\/corrientesdetarde.com\/?p=77594"},"modified":"2023-08-01T18:38:55","modified_gmt":"2023-08-01T21:38:55","slug":"rodriguez-larreta-suma-el-respaldo-de-vidal-a-dos-semanas-de-las-paso","status":"publish","type":"post","link":"https:\/\/corrientesdetarde.com\/index.php\/politica\/rodriguez-larreta-suma-el-respaldo-de-vidal-a-dos-semanas-de-las-paso\/","title":{"rendered":"Rodr\u00edguez Larreta suma el respaldo de Vidal a dos semanas de las PASO"},"content":{"rendered":"\n<p>La exgobernadora analiza los detalles del anuncio y se prev\u00e9 que lo haga p\u00fablico durante esta semana. C\u00f3mo respaldar\u00e1 a sus candidatos que quedaron de un lado y del otro de la disputa.<a href=\"https:\/\/tn.com.ar\/autor\/leandro+chimenti\/\"><\/a><\/p>\n\n\n\n<p>En la recta final de la campa\u00f1a rumbo a las PASO, la diputada nacional del PRO,\u00a0Mar\u00eda Eugenia Vidal<strong>,\u00a0<\/strong>anunciar\u00e1 su\u00a0<strong>respaldo\u00a0<\/strong>al precandidato presidencial, Horacio Rodriguez Larreta\u00a0<strong>,<\/strong>\u00a0que gana volumen pol\u00edtico en la interna de Juntos por el Cambio tras sumar tambi\u00e9n el acompa\u00f1amiento del radical\u00a0<strong>Facundo Manes.<\/strong><\/p>\n\n\n\n<p>Fuentes consultadas <strong>\u00a0<\/strong>indicaron que se negocian los detalles finales del\u00a0<strong>apoyo expl\u00edcito<\/strong>\u00a0de la exgobernadora bonaerense. La exgobernadora bonaerense, seg\u00fan manifestaron sus allegados, suele repetir en privado que se identifica con el plan pol\u00edtico de Larreta. Restan algunos detalles para que, en los pr\u00f3ximos d\u00edas, lo haga p\u00fablico.<\/p>\n\n\n\n<p>La lectura que hacen en el entorno del jefe de gobierno porte\u00f1o es que el anuncio tendr\u00eda\u00a0<strong>impacto simb\u00f3lico<\/strong>\u00a0y ser\u00eda todo un mensaje para la interna del PRO, en medio de la fuerte tensi\u00f3n con su adversaria,\u00a0Patricia Bullrich. Sin embargo, no creen que ese apoyo logre traccionar votos en favor del jefe de Gobierno porte\u00f1o.<\/p>\n\n\n\n<p>El fin de semana Larreta y Bullrich posaron en una incomoda foto\u00a0tras la victoria de Ignacio Nacho Torres\u00a0en las elecciones provinciales de Chubut. Durante el pu\u00f1ado de minutos que compartieron\u00a0intentaron enviar una se\u00f1al de unidad, pero no pudieron disimular sus diferencias.<\/p>\n\n\n\n<h2 class=\"wp-block-heading\">Previo al anuncio, Vidal hace equilibrio entre candidatos que responden a Rodr\u00edguez Larreta y Bullrich<\/h2>\n\n\n\n<p>Antes de hacer el anuncio que generar\u00e1 una nueva reacci\u00f3n interna en Juntos por el Cambio en la disputa entre los presidenciables Vidal se concentra en el impulso de propuestas vinculadas a la<strong>&nbsp;educaci\u00f3n, la econom\u00eda y la transparencia,<\/strong>&nbsp;como un proyecto que present\u00f3 en el Congreso \u201cpara controlar en qu\u00e9 y c\u00f3mo se gasta la plata de los argentinos\u201d, que apunta a \u201ccuidar los recursos y ponerle l\u00edmite a los privilegios de la pol\u00edtica\u201d.<\/p>\n\n\n\n<ul class=\"wp-block-list\"><li>La exgobernadora bonaerense les dio<strong>\u00a0libertad de acci\u00f3n<\/strong>\u00a0a los candidatos al\u00a0bajarse de la carrera por la Presidencia \u00a0a principios de mayo.<\/li><li>En el entorno de Vidal explicaron: \u201cElla tiene parte del equipo trabajando con Horacio, por un lado, y con Patricia, por el otro\u201d.<\/li><li>Se prev\u00e9 que el mi\u00e9rcoles anuncie su postura en la interna presidencial de Juntos por el Cambio y est\u00e1 \u201ctranquila porque la unidad de la coalici\u00f3n est\u00e1 garantizada\u201d.<\/li><li>Se estima que la referente del PRO anuncie su respaldo por la hist\u00f3rica cercan\u00eda que tiene con el precandidato presidencial, con el que trabaj\u00f3 en los \u00e1mbitos nacional y porte\u00f1o. Lo\u00a0<strong>conoce desde hace m\u00e1s de 20 a\u00f1os<\/strong>\u00a0y comparte un perfil m\u00e1s similar que con Bullrich.<\/li><\/ul>\n\n\n\n<h2 class=\"wp-block-heading\">El respaldo de Mar\u00eda Eugenia Vidal a candidatos alineados con Horacio Rodr\u00edguez Larreta y Patricia Bullrich<\/h2>\n\n\n\n<figure class=\"wp-block-image\"><img decoding=\"async\" src=\"https:\/\/tn.com.ar\/resizer\/N-yPuP4qikVEfRoxpDYk919POEU=\/767x0\/smart\/filters:format(webp)\/cloudfront-us-east-1.images.arcpublishing.com\/artear\/JAIM3AFNYFCW5EF6JDAL5MCRUI.jpg\" alt=\"El intendente de Tres Febrero, Diego Valenzuela, en una actividad de campa\u00f1a junto a la diputada nacional, Mar\u00eda Eugenia Vidal (Foto: Facebook @meugeniavidal).\"\/><\/figure>\n\n\n\n<p>Previo al anuncio Vidal mantiene su neutralidad y respalda a precandidatos de ambos sectores de Juntos por el Cambio que son afines a ella, como los referenciados por Rodr\u00edguez Larreta, los intendentes de Tres de Febrero,&nbsp;<strong>Diego Valenzuela,&nbsp;<\/strong>y de Campana,&nbsp;<strong>Sebasti\u00e1n Abella,&nbsp;<\/strong>que van por la reelecci\u00f3n,&nbsp;<strong>Leandro Ugartemendia<\/strong>&nbsp;que compite por la jefatura comunal de Mor\u00f3n y&nbsp;<strong>Julio Garro,<\/strong>&nbsp;que busca un nuevo per\u00edodo al frente de La Plata.<\/p>\n\n\n\n<figure class=\"wp-block-image\"><img decoding=\"async\" src=\"https:\/\/tn.com.ar\/resizer\/dQaThI6e5st6r6ClPtYP2jQTFQI=\/767x0\/smart\/filters:format(webp)\/cloudfront-us-east-1.images.arcpublishing.com\/artear\/H44PNTDXWVAR3JFMWX6C6KA43M.jpg\" alt=\"El precandidato a intendente de San Mart\u00edn, Santiago L\u00f3pez Medrano, junto a la diputada nacional del PRO, Mar\u00eda Eugenia Vidal (Foto: Facebook @meugeniavidal).\"\/><\/figure>\n\n\n\n<p>Mantiene su respaldo a otros dirigentes como el jefe de bloque del PRO en Diputados, Cristian Ritondo\u00a0<strong>,<\/strong>\u00a0que compite para renovar su banca, el exministro de Desarrollo Social bonaerense y aspirante a la intendencia de San Mart\u00edn,\u00a0<strong>Santiago L\u00f3pez Medrano,\u00a0<\/strong>y el precandidato a la jefatura comunal de Ituzaing\u00f3,\u00a0<strong>Walter Lanaro,<\/strong>\u00a0alineados en el ala dura del PRO con la exministra de Seguridad.<\/p>\n\n\n\n<figure class=\"wp-block-image\"><img decoding=\"async\" src=\"https:\/\/tn.com.ar\/resizer\/4EBBQo97GPqxum6D-W4E7_MYWCw=\/767x0\/smart\/filters:format(webp)\/cloudfront-us-east-1.images.arcpublishing.com\/artear\/2TZG7UUIEBDD3KFKW4NH5HVTSE.jpg\" alt=\"Maximiliano Pullaro, en una actividad de campa\u00f1a con Mar\u00eda Eugenia Vidal (Foto: Facebook @maxipullaro).\"\/><\/figure>\n\n\n\n<p>Vidal adem\u00e1s dio muestras de apoyo a los dos precandidatos a gobernador de Santa Fe,Maximiliano Pullaro<strong>,\u00a0<\/strong>que responde a Rodr\u00edguez Larreta y se impuso en la interna, y\u00a0<strong>Carolina Losada,<\/strong>\u00a0alineada con Bullrich, que cay\u00f3 en las PASO provinciales de mediados de julio.<\/p>\n\n\n\n<figure class=\"wp-block-image\"><img decoding=\"async\" src=\"https:\/\/tn.com.ar\/resizer\/3IywgwplOFVlEEFSrZ2-3ty3l6U=\/767x0\/smart\/filters:format(webp)\/cloudfront-us-east-1.images.arcpublishing.com\/artear\/P4M7XB4CWZEZ5JO3PSU4NESQYQ.jpg\" alt=\"Carolina Losada en una actividad de campa\u00f1a junto a Mar\u00eda Eugenia Vidal (Foto: Facebook @meugeniavidal).\"\/><\/figure>\n\n\n\n<p>La exgobernadora bonaerense felicit\u00f3 a Pullaro por la contundente victoria, destac\u00f3 la fuerte derrota del oficialismo en Santa Fe y dijo que seguir\u00e1 el trabajo en conjunto con Losada y su compa\u00f1ero de f\u00f3rmula, el presidente del PRO,&nbsp;<strong>Federico Angelini, \u201c<\/strong>para terminar con las mafias\u201d en la provincia, en un llamado a la unidad, con muestras de equilibrio en la coalici\u00f3n.<\/p>\n","protected":false},"excerpt":{"rendered":"<p>La exgobernadora analiza los detalles del anuncio y se prev\u00e9 que lo haga p\u00fablico durante esta semana. C\u00f3mo respaldar\u00e1 a sus candidatos que quedaron de un lado y del otro&hellip; <\/p>\n","protected":false},"author":8,"featured_media":77595,"comment_status":"closed","ping_status":"open","sticky":false,"template":"","format":"standard","meta":{"footnotes":""},"categories":[3],"tags":[],"class_list":["post-77594","post","type-post","status-publish","format-standard","has-post-thumbnail","hentry","category-politica"],"_links":{"self":[{"href":"https:\/\/corrientesdetarde.com\/index.php\/wp-json\/wp\/v2\/posts\/77594","targetHints":{"allow":["GET"]}}],"collection":[{"href":"https:\/\/corrientesdetarde.com\/index.php\/wp-json\/wp\/v2\/posts"}],"about":[{"href":"https:\/\/corrientesdetarde.com\/index.php\/wp-json\/wp\/v2\/types\/post"}],"author":[{"embeddable":true,"href":"https:\/\/corrientesdetarde.com\/index.php\/wp-json\/wp\/v2\/users\/8"}],"replies":[{"embeddable":true,"href":"https:\/\/corrientesdetarde.com\/index.php\/wp-json\/wp\/v2\/comments?post=77594"}],"version-history":[{"count":1,"href":"https:\/\/corrientesdetarde.com\/index.php\/wp-json\/wp\/v2\/posts\/77594\/revisions"}],"predecessor-version":[{"id":77596,"href":"https:\/\/corrientesdetarde.com\/index.php\/wp-json\/wp\/v2\/posts\/77594\/revisions\/77596"}],"wp:featuredmedia":[{"embeddable":true,"href":"https:\/\/corrientesdetarde.com\/index.php\/wp-json\/wp\/v2\/media\/77595"}],"wp:attachment":[{"href":"https:\/\/corrientesdetarde.com\/index.php\/wp-json\/wp\/v2\/media?parent=77594"}],"wp:term":[{"taxonomy":"category","embeddable":true,"href":"https:\/\/corrientesdetarde.com\/index.php\/wp-json\/wp\/v2\/categories?post=77594"},{"taxonomy":"post_tag","embeddable":true,"href":"https:\/\/corrientesdetarde.com\/index.php\/wp-json\/wp\/v2\/tags?post=77594"}],"curies":[{"name":"wp","href":"https:\/\/api.w.org\/{rel}","templated":true}]}}