{"id":77597,"date":"2023-08-01T18:40:07","date_gmt":"2023-08-01T21:40:07","guid":{"rendered":"https:\/\/corrientesdetarde.com\/?p=77597"},"modified":"2023-08-01T18:40:18","modified_gmt":"2023-08-01T21:40:18","slug":"salud-redujo-la-cantidad-de-derivaciones-desde-el-interior","status":"publish","type":"post","link":"https:\/\/corrientesdetarde.com\/index.php\/informacion-general\/salud-redujo-la-cantidad-de-derivaciones-desde-el-interior\/","title":{"rendered":"Salud redujo la cantidad de derivaciones desde el interior"},"content":{"rendered":"\n<p><em>Esto significa que la mayor\u00eda de las patolog\u00edas fueron resueltas en su lugar de origen, sin tener que realizar traslados innecesarios a la capital.<\/em><\/p>\n\n\n\n<p>La Red de Emergencias y Derivaciones del Ministerio de Salud P\u00fablica de la Provincia, es un sector que se encarga de la coordinaci\u00f3n de las ambulancias para el traslado de pacientes de toda la provincia. Funciona las 24 horas, todos los d\u00edas.<\/p>\n\n\n\n<p>A principios de mayo de 2021, el ministro de Salud P\u00fablica, Ricardo Cardozo, puso&nbsp; en funciones a Leonor Gacio como coordinadora de la Red de Emergencias y Derivaciones.<\/p>\n\n\n\n<p>La Red de Emergencias y Derivaciones&nbsp; gestiona camas en toda la provincia a pacientes del interior internados en instituciones p\u00fablicas, a fin de trasladarlos a un centro de mayor complejidad para una mejor atenci\u00f3n, en caso de ser necesario.<\/p>\n\n\n\n<p>Cuenta con una herramienta llamada Gesti\u00f3n de Flotas la cual permite ver en tiempo real (geolocalizaci\u00f3n) las ambulancias de la provincia y de esta manera organizar traslados de pacientes en condici\u00f3n de Alta a su localidad.<\/p>\n\n\n\n<p>Es un trabajo articulado con m\u00e9dicos, enfermeros y choferes de toda la provincia.<\/p>\n\n\n\n<p>\u201cEsta Red es una pol\u00edtica que la implement\u00f3 el ministro Ricardo Cardozo actualmente por la complejizaci\u00f3n del sistema sanitario en el interior y la gesti\u00f3n de la Red de Emergencia y Derivaciones, se ha reducido la cantidad de derivaciones desde el interior a la capital\u201d, dijo&nbsp;<strong>Leonor Gacio<\/strong>.<\/p>\n\n\n\n<p>Por otra parte, indic\u00f3 que en junio de este a\u00f1o se realizaron 13 cordones sanitarios y, en ese sentido, remarc\u00f3 la importancia de la articulaci\u00f3n con la Polic\u00eda de la Provincia y la Direcci\u00f3n de Tr\u00e1nsito de la Municipalidad de Corrientes.<\/p>\n\n\n\n<p>En detalle, en junio de 2022, se realizaron 650 derivaciones, mientras que en el mismo mes pero de este a\u00f1o, fueron 597. La mayor\u00eda provino de la Regi\u00f3n Sanitaria 1, la m\u00e1s pr\u00f3xima a la capital con 297 derivaciones realizadas en junio de 2022, mientras que en el mismo mes de este a\u00f1o, fueron 278. Esto demuestra la reducci\u00f3n de las derivaciones de localidades m\u00e1s lejanas y representa un dato fundamental, ya que muchas patolog\u00edas fueron resueltas en su lugar de origen, sin tener que trasladar al paciente.<\/p>\n\n\n\n<figure class=\"wp-block-image size-large\"><img loading=\"lazy\" decoding=\"async\" width=\"1024\" height=\"768\" src=\"https:\/\/corrientesdetarde.com\/wp-content\/uploads\/2023\/08\/image-52-1024x768.png\" alt=\"\" class=\"wp-image-77599\" srcset=\"https:\/\/corrientesdetarde.com\/wp-content\/uploads\/2023\/08\/image-52-1024x768.png 1024w, https:\/\/corrientesdetarde.com\/wp-content\/uploads\/2023\/08\/image-52-300x225.png 300w, https:\/\/corrientesdetarde.com\/wp-content\/uploads\/2023\/08\/image-52-768x576.png 768w, https:\/\/corrientesdetarde.com\/wp-content\/uploads\/2023\/08\/image-52.png 1169w\" sizes=\"auto, (max-width: 1024px) 100vw, 1024px\" \/><\/figure>\n\n\n\n<figure class=\"wp-block-image size-full\"><img loading=\"lazy\" decoding=\"async\" width=\"780\" height=\"587\" src=\"https:\/\/corrientesdetarde.com\/wp-content\/uploads\/2023\/08\/image-51.png\" alt=\"\" class=\"wp-image-77598\" srcset=\"https:\/\/corrientesdetarde.com\/wp-content\/uploads\/2023\/08\/image-51.png 780w, https:\/\/corrientesdetarde.com\/wp-content\/uploads\/2023\/08\/image-51-300x226.png 300w, https:\/\/corrientesdetarde.com\/wp-content\/uploads\/2023\/08\/image-51-768x578.png 768w\" sizes=\"auto, (max-width: 780px) 100vw, 780px\" \/><\/figure>\n","protected":false},"excerpt":{"rendered":"<p>Esto significa que la mayor\u00eda de las patolog\u00edas fueron resueltas en su lugar de origen, sin tener que realizar traslados innecesarios a la capital. La Red de Emergencias y Derivaciones&hellip; <\/p>\n","protected":false},"author":8,"featured_media":77599,"comment_status":"closed","ping_status":"open","sticky":false,"template":"","format":"standard","meta":{"footnotes":""},"categories":[1],"tags":[],"class_list":["post-77597","post","type-post","status-publish","format-standard","has-post-thumbnail","hentry","category-informacion-general"],"_links":{"self":[{"href":"https:\/\/corrientesdetarde.com\/index.php\/wp-json\/wp\/v2\/posts\/77597","targetHints":{"allow":["GET"]}}],"collection":[{"href":"https:\/\/corrientesdetarde.com\/index.php\/wp-json\/wp\/v2\/posts"}],"about":[{"href":"https:\/\/corrientesdetarde.com\/index.php\/wp-json\/wp\/v2\/types\/post"}],"author":[{"embeddable":true,"href":"https:\/\/corrientesdetarde.com\/index.php\/wp-json\/wp\/v2\/users\/8"}],"replies":[{"embeddable":true,"href":"https:\/\/corrientesdetarde.com\/index.php\/wp-json\/wp\/v2\/comments?post=77597"}],"version-history":[{"count":1,"href":"https:\/\/corrientesdetarde.com\/index.php\/wp-json\/wp\/v2\/posts\/77597\/revisions"}],"predecessor-version":[{"id":77600,"href":"https:\/\/corrientesdetarde.com\/index.php\/wp-json\/wp\/v2\/posts\/77597\/revisions\/77600"}],"wp:featuredmedia":[{"embeddable":true,"href":"https:\/\/corrientesdetarde.com\/index.php\/wp-json\/wp\/v2\/media\/77599"}],"wp:attachment":[{"href":"https:\/\/corrientesdetarde.com\/index.php\/wp-json\/wp\/v2\/media?parent=77597"}],"wp:term":[{"taxonomy":"category","embeddable":true,"href":"https:\/\/corrientesdetarde.com\/index.php\/wp-json\/wp\/v2\/categories?post=77597"},{"taxonomy":"post_tag","embeddable":true,"href":"https:\/\/corrientesdetarde.com\/index.php\/wp-json\/wp\/v2\/tags?post=77597"}],"curies":[{"name":"wp","href":"https:\/\/api.w.org\/{rel}","templated":true}]}}