{"id":77609,"date":"2023-08-01T20:11:35","date_gmt":"2023-08-01T23:11:35","guid":{"rendered":"https:\/\/corrientesdetarde.com\/?p=77609"},"modified":"2023-08-01T20:11:39","modified_gmt":"2023-08-01T23:11:39","slug":"el-dolar-blue-toco-otro-record-tras-el-pago-al-fmi-las-razones","status":"publish","type":"post","link":"https:\/\/corrientesdetarde.com\/index.php\/economia\/el-dolar-blue-toco-otro-record-tras-el-pago-al-fmi-las-razones\/","title":{"rendered":"El d\u00f3lar blue toc\u00f3 otro r\u00e9cord tras el pago al FMI: las razones"},"content":{"rendered":"\n<p>Las divisas atesoradas por el Banco Central sufrieron un fuerte golpe.<\/p>\n\n\n\n<p>Tras el pago al FMI que impact\u00f3 sobre las reservas, el\u00a0<strong>d\u00f3lar blue se dispar\u00f3 y cort\u00f3 una mini racha de dos bajas consecutivas.\u00a0<\/strong>.\u00a0<\/p>\n\n\n\n<p>Con la suba registrada en esta rueda, marc\u00f3 un nuevo r\u00e9cord nominal.<\/p>\n\n\n\n<p>El d\u00f3lar informal rebot\u00f3 $10 hasta los in\u00e9ditos $560 para la venta.<\/p>\n\n\n\n<p>As\u00ed,<strong>&nbsp;la brecha con el tipo de cambio oficial volvi\u00f3 a escalar por encima del 100%, y se ubic\u00f3 en el 102,8%<\/strong>.<\/p>\n\n\n\n<p>Tras subir m\u00e1s de 11% en julio, la divisa en el mercado informal arranc\u00f3 agosto con una fuerte alza.<\/p>\n\n\n\n<p>Con el nivel de reservas brutas en apenas US$ 24.000 millones, el m\u00e1s bajo en 17 a\u00f1os, aunque la tensi\u00f3n cambiaria es habitual en cualquier momento electoral en la Argentina, la suba del d\u00f3lar informal de estas \u00faltimas semanas no se explica \u00fanicamente por el condimento pol\u00edtico.<\/p>\n\n\n\n<p>Seg\u00fan especialistas, una de las razones es la inflaci\u00f3n: hacia finales de junio, la inflaci\u00f3n interanual de la Argentina mostraba un incremento de 115%. Y la mayor\u00eda de las consultoras de la City esperan que el aumento del IPC que mide el Indec ronde en junio el 7%. As\u00ed, en los primeros meses del a\u00f1o los precios de la econom\u00eda ya habr\u00edan subido m\u00e1s de un 57% y el d\u00f3lar blue ven\u00eda qued\u00e1ndose por detr\u00e1s.<\/p>\n\n\n\n<p>Con el salto de $56 que alcanz\u00f3 en julio, y la suba de este martes, el d\u00f3lar blue logr\u00f3, despu\u00e9s de meses de mucha calma, &#8220;empatarle&#8221; a la inflaci\u00f3n 2023.&nbsp;<\/p>\n\n\n\n<p>Como consecuencia, la semana pasada hubo remarcaciones en electr\u00f3nica y electrodom\u00e9sticos, aunque tambi\u00e9n se esperan aumentos de precios y faltantes de stocks en otros, como la industria automotriz, jugueter\u00eda, indumentaria y perfumer\u00eda.<\/p>\n\n\n\n<p>Adem\u00e1s, las PASO son para el mercado un momento bisagra. Argentina llega al pr\u00f3ximo 13 de agosto con sus variables macro deterioradas y una fuerte crisis en lo pol\u00edtico. En este escenario, el mercado siempre se apura a tomar cobertura en la previa.<\/p>\n\n\n\n<p>Andr\u00e9s Reschini, de F2 Soluciones Financieras, afirm\u00f3 que el blue ven\u00eda &#8220;demasiado tranquilo y las medidas que encarecieron los FX tendr\u00e1n consecuencias inflacionarias. Adem\u00e1s estamos entrando a la parte m\u00e1s dif\u00edcil hacia diciembre y nos acercamos a las PASO. En todo este l\u00edo el mercado trata de sacarse pesos se encima y cubrirse&#8221;.<\/p>\n\n\n\n<p>Mart\u00edn Polo, de Cohen se\u00f1al\u00f3: &#8220;No hay posibilidad de que los fundamental de la econom\u00eda mejoren a corto plazo y el reordenamiento de la econom\u00eda solo comenzar\u00e1 con una nueva administraci\u00f3n. La salud de la transici\u00f3n depender\u00e1 del resultado que el oficialismo obtenga en las PASO. Un desenlace inesperado, ya sea un mejor desempe\u00f1o del previsto o una derrota contundente, pueden acelerar los plazos en una econom\u00eda que carece de reservas internacionales para contener la presi\u00f3n.<\/p>\n\n\n\n<p>&#8220;Mantenemos nuestro escenario base de que no se producir\u00e1 un salto devaluatorio antes de las PASO, ni tampoco antes de que se definan las elecciones generales, aunque a costa de m\u00e1s inflaci\u00f3n y presi\u00f3n sobre los d\u00f3lares financieros&#8221;, se\u00f1al\u00f3.<\/p>\n\n\n\n<p>En este marco, la &#8220;devaluaci\u00f3n fiscal&#8221; a la que apel\u00f3 Sergio Massa en la \u00faltima semana parece haberle puesto un nuevo piso al d\u00f3lar libre.<\/p>\n\n\n\n<p>Al encarecer el tipo de cambio para los importadores y dejar el llamado &#8220;d\u00f3lar oficial&#8221; solo en un valor testimonial, el Gobierno elev\u00f3 indirectamente el precio de referencia del tipo de cambio paralelo. A $560, el d\u00f3lar blue se mantiene por detr\u00e1s del llamado &#8220;d\u00f3lar Qatar&#8221; que se ubica en los $574.<\/p>\n\n\n\n<p>La principal alerta roja que monitorea el mercado es la debilidad de las reservas. Luego del pago al FMI de este lunes (que se hizo en parte con un cr\u00e9dito de la CAF y con el equivalente a US$ 1.600 millones de yuanes que estaban en las arcas del Central) las reservas del organismo cayeron a un nivel m\u00ednimo que no ve\u00edan desde 2006.<\/p>\n\n\n\n<p>Adem\u00e1s, en el mercado advierten que las &#8220;reservas netas&#8221;, es decir &#8220;los d\u00f3lares de libre disponibilidad&#8221; que tiene el Banco Central para poder responder r\u00e1pido ante alg\u00fan movimiento del mercado profundizan su recorrido en el terreno negativo y llegan hasta los US$ 11.000 millones.<\/p>\n\n\n\n<p>A pesar de que el d\u00f3lar agro contin\u00faa adelantando la liquidaci\u00f3n de divisas, parece no aliviar las preocupaciones de los inversores dado que no s\u00f3lo la retenci\u00f3n hasta ahora sigue siendo limitada sino que tambi\u00e9n contin\u00faan las presiones sobre las reservas, a la espera de los desembolsos del FMI reci\u00e9n despu\u00e9s de las PASO.<\/p>\n\n\n\n<p>A esto se suman las quejas del sector importador se escuchan desde hace largos meses, en las \u00faltimas ruedas muchas empresas detectaron fallas para operar en los sitios de comercio exterior de la AFIP.<\/p>\n\n\n\n<p>&#8220;Desde el viernes estamos en un virtual feriado cambiario&#8221;, afirman los despachantes de Aduana.<\/p>\n\n\n\n<p>El d\u00f3lar blue viene de acumular en julio, un mes de fuertes&nbsp;sobresaltos, un aumento de 11,3%, por encima del d\u00f3lar oficial&nbsp;(+7,2%) y del plazo fijo tradicional (+8,1%).<\/p>\n\n\n\n<p>Se trat\u00f3 del mayor incremento mensual para el d\u00f3lar informal&nbsp;desde abril pasado, cuando salt\u00f3 un 18,7%.<\/p>\n\n\n\n<p>En lo que va de 2023, el d\u00f3lar blue acumula una suba de $217&nbsp;despu\u00e9s de cerrar el 2022 en $343.<\/p>\n\n\n\n<p>En enero el d\u00f3lar informal escal\u00f3 $35 (+10,1%), mientras que en&nbsp;febrero acumul\u00f3 una ca\u00edda de $6 (-1,6%).<\/p>\n\n\n\n<p>A su vez, en marzo registr\u00f3 un ascenso de $20 (+5,3%). En&nbsp;abril, subi\u00f3 $74 (+18,7%), durante mayo trep\u00f3 $21 (+4,5%), al&nbsp;tiempo que en junio se apreci\u00f3 $4 (+0,8%).<\/p>\n\n\n\n<p>En 2022, avanz\u00f3 $138 (+66,4%) despu\u00e9s de cerrar el 2021 en los&nbsp;$208.<\/p>\n\n\n\n<p>El d\u00f3lar Qatar -que incluye un 30% del impuesto PA\u00cdS, un 45%&nbsp;deducible del Impuesto a las Ganancias y de Bienes Personales, y&nbsp;una nueva percepci\u00f3n del 25% a cuenta de Bienes Personales- se&nbsp;vendi\u00f3 en los $578,04.<\/p>\n\n\n\n<p>Este tipo de cambio aplica para consumos en el exterior con&nbsp;tarjetas de d\u00e9bito y cr\u00e9dito superiores a los u$s300 mensuales por&nbsp;persona.<\/p>\n\n\n\n<p>El d\u00f3lar ahorro (o solidario) y el d\u00f3lar tarjeta -que incluye&nbsp;un 30% del Impuesto PA\u00cdS + 45% de la Percepci\u00f3n de Ganancias-&nbsp;cotiz\u00f3 a $506,05.<\/p>\n\n\n\n<p>Subi\u00f3 casi $40 tras la decisi\u00f3n del Gobierno de equipararlo con&nbsp;el Turista.<\/p>\n\n\n\n<p>En tanto, el d\u00f3lar mayorista se negoci\u00f3 a $276,15 por unidad,&nbsp;noventa centavos arriba del cierre del \u00faltimo d\u00eda de julio.<\/p>\n\n\n\n<p>Por su parte, el d\u00f3lar cripto o d\u00f3lar Bitcoin opera a $556,10&nbsp;seg\u00fan el promedio entre los exchanges locales reportados por&nbsp;Coinmonitor.<\/p>\n\n\n\n<p>El d\u00f3lar MEP -operado con el bono AL30 en el segmento Prioridad&nbsp;Precio Tiempo o PPT- cotiza en $511,39. De esa forma, la brecha&nbsp;con el oficial alcanza el 85,2%.<\/p>\n\n\n\n<p>El d\u00f3lar &#8220;Contado con Liquidaci\u00f3n&#8221; (CCL) -operado con el bono&nbsp;GD30 en el segmento PPT- opera a $558,72. En efecto, el spread con&nbsp;el oficial se ubica en 102,3%.<\/p>\n","protected":false},"excerpt":{"rendered":"<p>Las divisas atesoradas por el Banco Central sufrieron un fuerte golpe. Tras el pago al FMI que impact\u00f3 sobre las reservas, el\u00a0d\u00f3lar blue se dispar\u00f3 y cort\u00f3 una mini racha&hellip; <\/p>\n","protected":false},"author":4,"featured_media":77615,"comment_status":"closed","ping_status":"open","sticky":false,"template":"","format":"standard","meta":{"footnotes":""},"categories":[20],"tags":[],"class_list":["post-77609","post","type-post","status-publish","format-standard","has-post-thumbnail","hentry","category-economia"],"_links":{"self":[{"href":"https:\/\/corrientesdetarde.com\/index.php\/wp-json\/wp\/v2\/posts\/77609","targetHints":{"allow":["GET"]}}],"collection":[{"href":"https:\/\/corrientesdetarde.com\/index.php\/wp-json\/wp\/v2\/posts"}],"about":[{"href":"https:\/\/corrientesdetarde.com\/index.php\/wp-json\/wp\/v2\/types\/post"}],"author":[{"embeddable":true,"href":"https:\/\/corrientesdetarde.com\/index.php\/wp-json\/wp\/v2\/users\/4"}],"replies":[{"embeddable":true,"href":"https:\/\/corrientesdetarde.com\/index.php\/wp-json\/wp\/v2\/comments?post=77609"}],"version-history":[{"count":1,"href":"https:\/\/corrientesdetarde.com\/index.php\/wp-json\/wp\/v2\/posts\/77609\/revisions"}],"predecessor-version":[{"id":77616,"href":"https:\/\/corrientesdetarde.com\/index.php\/wp-json\/wp\/v2\/posts\/77609\/revisions\/77616"}],"wp:featuredmedia":[{"embeddable":true,"href":"https:\/\/corrientesdetarde.com\/index.php\/wp-json\/wp\/v2\/media\/77615"}],"wp:attachment":[{"href":"https:\/\/corrientesdetarde.com\/index.php\/wp-json\/wp\/v2\/media?parent=77609"}],"wp:term":[{"taxonomy":"category","embeddable":true,"href":"https:\/\/corrientesdetarde.com\/index.php\/wp-json\/wp\/v2\/categories?post=77609"},{"taxonomy":"post_tag","embeddable":true,"href":"https:\/\/corrientesdetarde.com\/index.php\/wp-json\/wp\/v2\/tags?post=77609"}],"curies":[{"name":"wp","href":"https:\/\/api.w.org\/{rel}","templated":true}]}}