{"id":77617,"date":"2023-08-01T20:18:41","date_gmt":"2023-08-01T23:18:41","guid":{"rendered":"https:\/\/corrientesdetarde.com\/?p=77617"},"modified":"2023-08-01T20:18:53","modified_gmt":"2023-08-01T23:18:53","slug":"inicia-la-semana-mundial-de-la-lactancia-materna","status":"publish","type":"post","link":"https:\/\/corrientesdetarde.com\/index.php\/sociales\/inicia-la-semana-mundial-de-la-lactancia-materna\/","title":{"rendered":"inicia la Semana Mundial de la Lactancia Materna"},"content":{"rendered":"\n<p>Como cada a\u00f1o, del 1 al 7 de agosto se conmemora la Semana Mundial de la Lactancia Materna. Es un tiempo donde desde el Ministerio de Salud P\u00fablica, se intensifica la difusi\u00f3n sobre la importancia del amamantamiento y los beneficios que conlleva ello. El lema este a\u00f1o es: \u201cFacilitar la Lactancia Materna: Marcando la diferencia para madres y padres que trabajan\u201d.\u00a0<\/p>\n\n\n\n<p>Habr\u00e1 actividades en las distintas maternidades de la Provincia y en m\u00e1s de 60 instituciones durante toda la semana.&nbsp;<\/p>\n\n\n\n<p>Te dejamos el video con informaci\u00f3n:<\/p>\n\n\n\n<figure class=\"wp-block-embed is-type-video is-provider-youtube wp-block-embed-youtube wp-embed-aspect-16-9 wp-has-aspect-ratio\"><div class=\"wp-block-embed__wrapper\">\n<iframe loading=\"lazy\" title=\"Semana Mundial de la Lactancia Materna.\" width=\"1110\" height=\"624\" src=\"https:\/\/www.youtube.com\/embed\/a-U5vysSBfo?feature=oembed\" frameborder=\"0\" allow=\"accelerometer; autoplay; clipboard-write; encrypted-media; gyroscope; picture-in-picture; web-share\" allowfullscreen><\/iframe>\n<\/div><\/figure>\n","protected":false},"excerpt":{"rendered":"<p>Como cada a\u00f1o, del 1 al 7 de agosto se conmemora la Semana Mundial de la Lactancia Materna. Es un tiempo donde desde el Ministerio de Salud P\u00fablica, se intensifica&hellip; <\/p>\n","protected":false},"author":1,"featured_media":77623,"comment_status":"closed","ping_status":"open","sticky":false,"template":"","format":"standard","meta":{"footnotes":""},"categories":[17],"tags":[],"class_list":["post-77617","post","type-post","status-publish","format-standard","has-post-thumbnail","hentry","category-sociales"],"_links":{"self":[{"href":"https:\/\/corrientesdetarde.com\/index.php\/wp-json\/wp\/v2\/posts\/77617","targetHints":{"allow":["GET"]}}],"collection":[{"href":"https:\/\/corrientesdetarde.com\/index.php\/wp-json\/wp\/v2\/posts"}],"about":[{"href":"https:\/\/corrientesdetarde.com\/index.php\/wp-json\/wp\/v2\/types\/post"}],"author":[{"embeddable":true,"href":"https:\/\/corrientesdetarde.com\/index.php\/wp-json\/wp\/v2\/users\/1"}],"replies":[{"embeddable":true,"href":"https:\/\/corrientesdetarde.com\/index.php\/wp-json\/wp\/v2\/comments?post=77617"}],"version-history":[{"count":1,"href":"https:\/\/corrientesdetarde.com\/index.php\/wp-json\/wp\/v2\/posts\/77617\/revisions"}],"predecessor-version":[{"id":77624,"href":"https:\/\/corrientesdetarde.com\/index.php\/wp-json\/wp\/v2\/posts\/77617\/revisions\/77624"}],"wp:featuredmedia":[{"embeddable":true,"href":"https:\/\/corrientesdetarde.com\/index.php\/wp-json\/wp\/v2\/media\/77623"}],"wp:attachment":[{"href":"https:\/\/corrientesdetarde.com\/index.php\/wp-json\/wp\/v2\/media?parent=77617"}],"wp:term":[{"taxonomy":"category","embeddable":true,"href":"https:\/\/corrientesdetarde.com\/index.php\/wp-json\/wp\/v2\/categories?post=77617"},{"taxonomy":"post_tag","embeddable":true,"href":"https:\/\/corrientesdetarde.com\/index.php\/wp-json\/wp\/v2\/tags?post=77617"}],"curies":[{"name":"wp","href":"https:\/\/api.w.org\/{rel}","templated":true}]}}