{"id":77628,"date":"2023-08-01T20:54:25","date_gmt":"2023-08-01T23:54:25","guid":{"rendered":"https:\/\/corrientesdetarde.com\/?p=77628"},"modified":"2023-08-01T20:54:31","modified_gmt":"2023-08-01T23:54:31","slug":"mientras-fernandez-recibio-embajadores-massa-tuvo-otro-dia-de-suba-del-dolar","status":"publish","type":"post","link":"https:\/\/corrientesdetarde.com\/index.php\/politica\/mientras-fernandez-recibio-embajadores-massa-tuvo-otro-dia-de-suba-del-dolar\/","title":{"rendered":"Mientras Fern\u00e1ndez recibi\u00f3 embajadores Massa tuvo otro d\u00eda de suba del d\u00f3lar"},"content":{"rendered":"\n<p>(Juan Pablo Peralta, Casa de Gobierno) &#8211; El presidente Alberto Fern\u00e1ndez se reuni\u00f3 en Casa de Gobierno a la embajadora saliente de Francia, Claudia Scherer-Efosse. Luego recibi\u00f3 las cartas credenciales de varios embajadores, entre ellos, de Colombia, Per\u00fa, Guatemala, Ecuador, Australia, Zimbabwe y varios m\u00e1s.<\/p>\n\n\n\n<figure class=\"wp-block-embed is-type-video is-provider-youtube wp-block-embed-youtube wp-embed-aspect-4-3 wp-has-aspect-ratio\"><div class=\"wp-block-embed__wrapper\">\n<iframe loading=\"lazy\" title=\"Mientras Fern\u00e1ndez recibi\u00f3 embajadores Massa tuvo otro d\u00eda de suba del d\u00f3lar\" width=\"1110\" height=\"833\" src=\"https:\/\/www.youtube.com\/embed\/0u1HRfzC8mU?feature=oembed\" frameborder=\"0\" allow=\"accelerometer; autoplay; clipboard-write; encrypted-media; gyroscope; picture-in-picture; web-share\" allowfullscreen><\/iframe>\n<\/div><\/figure>\n\n\n\n<p>En el contexto de esas actividades institucionales del jefe de Estado, el ministro de Econom\u00eda y precandidato presidencial de Uni\u00f3n por la Patria, Sergio Massa, sigui\u00f3 con su campa\u00f1a en las provincias de Mendoza y San Luis, mientras que el d\u00f3lar blue no dio respiro en otra jornada en la que alcanz\u00f3 otro record hist\u00f3rico, trepando a los 560 pesos, acompa\u00f1ado por la misma tendencia alcista en los financieros. En sus discursos, el jefe de Hacienda volvi\u00f3 a criticar a la oposici\u00f3n y a hablar de defender el valor del peso, sin embargo, los aumentos que se vienen este mes de agosto generan cada vez m\u00e1s incertidumbre de cara a las PASO.<\/p>\n","protected":false},"excerpt":{"rendered":"<p>(Juan Pablo Peralta, Casa de Gobierno) &#8211; El presidente Alberto Fern\u00e1ndez se reuni\u00f3 en Casa de Gobierno a la embajadora saliente de Francia, Claudia Scherer-Efosse. Luego recibi\u00f3 las cartas credenciales&hellip; <\/p>\n","protected":false},"author":11,"featured_media":77629,"comment_status":"closed","ping_status":"open","sticky":false,"template":"","format":"standard","meta":{"footnotes":""},"categories":[3],"tags":[249,940,98,99,109],"class_list":["post-77628","post","type-post","status-publish","format-standard","has-post-thumbnail","hentry","category-politica","tag-dolar","tag-embajadores","tag-fernandez","tag-massa","tag-peralta"],"_links":{"self":[{"href":"https:\/\/corrientesdetarde.com\/index.php\/wp-json\/wp\/v2\/posts\/77628","targetHints":{"allow":["GET"]}}],"collection":[{"href":"https:\/\/corrientesdetarde.com\/index.php\/wp-json\/wp\/v2\/posts"}],"about":[{"href":"https:\/\/corrientesdetarde.com\/index.php\/wp-json\/wp\/v2\/types\/post"}],"author":[{"embeddable":true,"href":"https:\/\/corrientesdetarde.com\/index.php\/wp-json\/wp\/v2\/users\/11"}],"replies":[{"embeddable":true,"href":"https:\/\/corrientesdetarde.com\/index.php\/wp-json\/wp\/v2\/comments?post=77628"}],"version-history":[{"count":1,"href":"https:\/\/corrientesdetarde.com\/index.php\/wp-json\/wp\/v2\/posts\/77628\/revisions"}],"predecessor-version":[{"id":77631,"href":"https:\/\/corrientesdetarde.com\/index.php\/wp-json\/wp\/v2\/posts\/77628\/revisions\/77631"}],"wp:featuredmedia":[{"embeddable":true,"href":"https:\/\/corrientesdetarde.com\/index.php\/wp-json\/wp\/v2\/media\/77629"}],"wp:attachment":[{"href":"https:\/\/corrientesdetarde.com\/index.php\/wp-json\/wp\/v2\/media?parent=77628"}],"wp:term":[{"taxonomy":"category","embeddable":true,"href":"https:\/\/corrientesdetarde.com\/index.php\/wp-json\/wp\/v2\/categories?post=77628"},{"taxonomy":"post_tag","embeddable":true,"href":"https:\/\/corrientesdetarde.com\/index.php\/wp-json\/wp\/v2\/tags?post=77628"}],"curies":[{"name":"wp","href":"https:\/\/api.w.org\/{rel}","templated":true}]}}