{"id":77715,"date":"2023-08-02T09:15:12","date_gmt":"2023-08-02T12:15:12","guid":{"rendered":"https:\/\/corrientesdetarde.com\/?p=77715"},"modified":"2023-08-02T09:15:23","modified_gmt":"2023-08-02T12:15:23","slug":"bajo-el-precio-de-la-papa-y-advierten-fuertes-subas-en-otras-verduras","status":"publish","type":"post","link":"https:\/\/corrientesdetarde.com\/index.php\/economia\/bajo-el-precio-de-la-papa-y-advierten-fuertes-subas-en-otras-verduras\/","title":{"rendered":"Baj\u00f3 el precio de la papa y advierten fuertes subas en otras verduras"},"content":{"rendered":"\n<p>El vicepresidente de la C\u00e1mara Argentina de la Actividad Frutihort\u00edcola Nacional (Caaf), Marcos Dannuzo, dialog\u00f3 este martes en el programa Hoja de Ruta de El Litoral Radio sobre los precios de la papa y otros productos.&nbsp;<\/p>\n\n\n\n<p>La Caaf&nbsp;es la entidad que nuclea la operatoria y comercializaci\u00f3n de productos Agroalimenticios y Frutihort\u00edcolas de la Rep\u00fablica Argentina.<\/p>\n\n\n\n<p>\u201cLa papa tuvo un descenso de precio y podr\u00eda tener otro m\u00e1s, esto se debe a los eventos clim\u00e1ticos o distintos acontecimientos que haya\u201d, explic\u00f3 Danuzzo.&nbsp;<\/p>\n\n\n\n<p>Adem\u00e1s, coment\u00f3 que el incremento se di\u00f3 por las distintas lluvias en zona de transporte, entonces eso provoc\u00f3 &nbsp;falta en el&nbsp;mercado.&nbsp;<\/p>\n\n\n\n<p>Cabe destacar que el tipo de papa que baj\u00f3 su precio es la papa negra, no la blanca y cepillada.&nbsp;<\/p>\n\n\n\n<p><strong>\u201cEl precio podr\u00eda reflejarse en la verduler\u00eda entre $400 y $600\u201d,<\/strong>destac\u00f3 el vicepresidente.&nbsp;<\/p>\n\n\n\n<p>Por otro lado, Danuzzo agreg\u00f3 que otras frutas y verduras podr\u00edan incrementar su precio debido al fr\u00edo y las bajas temperaturas.<\/p>\n\n\n\n<p>\u201cHay escasez de zapallito, choclo y verduras finas como la r\u00facula. El fr\u00edo no deja que crezca en los &nbsp;campos, &nbsp;entonces bajo invern\u00e1culo tiene un costo financiero m\u00e1s caro\u201d, concluy\u00f3.&nbsp;<\/p>\n","protected":false},"excerpt":{"rendered":"<p>El vicepresidente de la C\u00e1mara Argentina de la Actividad Frutihort\u00edcola Nacional (Caaf), Marcos Dannuzo, dialog\u00f3 este martes en el programa Hoja de Ruta de El Litoral Radio sobre los precios&hellip; <\/p>\n","protected":false},"author":1,"featured_media":77720,"comment_status":"closed","ping_status":"open","sticky":false,"template":"","format":"standard","meta":{"footnotes":""},"categories":[20],"tags":[],"class_list":["post-77715","post","type-post","status-publish","format-standard","has-post-thumbnail","hentry","category-economia"],"_links":{"self":[{"href":"https:\/\/corrientesdetarde.com\/index.php\/wp-json\/wp\/v2\/posts\/77715","targetHints":{"allow":["GET"]}}],"collection":[{"href":"https:\/\/corrientesdetarde.com\/index.php\/wp-json\/wp\/v2\/posts"}],"about":[{"href":"https:\/\/corrientesdetarde.com\/index.php\/wp-json\/wp\/v2\/types\/post"}],"author":[{"embeddable":true,"href":"https:\/\/corrientesdetarde.com\/index.php\/wp-json\/wp\/v2\/users\/1"}],"replies":[{"embeddable":true,"href":"https:\/\/corrientesdetarde.com\/index.php\/wp-json\/wp\/v2\/comments?post=77715"}],"version-history":[{"count":1,"href":"https:\/\/corrientesdetarde.com\/index.php\/wp-json\/wp\/v2\/posts\/77715\/revisions"}],"predecessor-version":[{"id":77721,"href":"https:\/\/corrientesdetarde.com\/index.php\/wp-json\/wp\/v2\/posts\/77715\/revisions\/77721"}],"wp:featuredmedia":[{"embeddable":true,"href":"https:\/\/corrientesdetarde.com\/index.php\/wp-json\/wp\/v2\/media\/77720"}],"wp:attachment":[{"href":"https:\/\/corrientesdetarde.com\/index.php\/wp-json\/wp\/v2\/media?parent=77715"}],"wp:term":[{"taxonomy":"category","embeddable":true,"href":"https:\/\/corrientesdetarde.com\/index.php\/wp-json\/wp\/v2\/categories?post=77715"},{"taxonomy":"post_tag","embeddable":true,"href":"https:\/\/corrientesdetarde.com\/index.php\/wp-json\/wp\/v2\/tags?post=77715"}],"curies":[{"name":"wp","href":"https:\/\/api.w.org\/{rel}","templated":true}]}}