{"id":77724,"date":"2023-08-02T09:50:31","date_gmt":"2023-08-02T12:50:31","guid":{"rendered":"https:\/\/corrientesdetarde.com\/?p=77724"},"modified":"2023-08-02T09:50:42","modified_gmt":"2023-08-02T12:50:42","slug":"esta-es-la-agenda-de-gerardo-morales-en-corrientes","status":"publish","type":"post","link":"https:\/\/corrientesdetarde.com\/index.php\/politica\/esta-es-la-agenda-de-gerardo-morales-en-corrientes\/","title":{"rendered":"\u00c9sta es la agenda de Gerardo Morales en Corrientes"},"content":{"rendered":"\n<p>El gobernador Gustavo Vald\u00e9s recibir\u00e1 al precandidato a vicepresidente de la Naci\u00f3n, Gerardo Morales de Juntos por el Cambio. Ambos brindar\u00e1n una conferencia de prensa, recorren el Parque Industrial de Santa Rosa y cerrar\u00e1n la jornada con un gran acto de la Uni\u00f3n C\u00edvica Radical (UCR) en el Sal\u00f3n Lapacho, del Club San Martin.\u00a0<\/p>\n\n\n\n<p>La agenda del d\u00eda prev\u00e9:&nbsp;<\/p>\n\n\n\n<p>9.30: Arribo a Corrientes<br>10:&nbsp; Reuni\u00f3n con Gustavo Vald\u00e9s en su despacho<br>10.30: Conferencia de prensa en el sal\u00f3n Amarillo de Casa de Gobierno<br>12: Reuni\u00f3n con sectores productivos y empresariales<br>13.30: Recorrida por el parque Industrial de Santa Rosa<br>19: Acto pol\u00edtico en el Sal\u00f3n Lapacho<\/p>\n","protected":false},"excerpt":{"rendered":"<p>El gobernador Gustavo Vald\u00e9s recibir\u00e1 al precandidato a vicepresidente de la Naci\u00f3n, Gerardo Morales de Juntos por el Cambio. Ambos brindar\u00e1n una conferencia de prensa, recorren el Parque Industrial de&hellip; <\/p>\n","protected":false},"author":1,"featured_media":77736,"comment_status":"closed","ping_status":"open","sticky":false,"template":"","format":"standard","meta":{"footnotes":""},"categories":[3],"tags":[],"class_list":["post-77724","post","type-post","status-publish","format-standard","has-post-thumbnail","hentry","category-politica"],"_links":{"self":[{"href":"https:\/\/corrientesdetarde.com\/index.php\/wp-json\/wp\/v2\/posts\/77724","targetHints":{"allow":["GET"]}}],"collection":[{"href":"https:\/\/corrientesdetarde.com\/index.php\/wp-json\/wp\/v2\/posts"}],"about":[{"href":"https:\/\/corrientesdetarde.com\/index.php\/wp-json\/wp\/v2\/types\/post"}],"author":[{"embeddable":true,"href":"https:\/\/corrientesdetarde.com\/index.php\/wp-json\/wp\/v2\/users\/1"}],"replies":[{"embeddable":true,"href":"https:\/\/corrientesdetarde.com\/index.php\/wp-json\/wp\/v2\/comments?post=77724"}],"version-history":[{"count":1,"href":"https:\/\/corrientesdetarde.com\/index.php\/wp-json\/wp\/v2\/posts\/77724\/revisions"}],"predecessor-version":[{"id":77737,"href":"https:\/\/corrientesdetarde.com\/index.php\/wp-json\/wp\/v2\/posts\/77724\/revisions\/77737"}],"wp:featuredmedia":[{"embeddable":true,"href":"https:\/\/corrientesdetarde.com\/index.php\/wp-json\/wp\/v2\/media\/77736"}],"wp:attachment":[{"href":"https:\/\/corrientesdetarde.com\/index.php\/wp-json\/wp\/v2\/media?parent=77724"}],"wp:term":[{"taxonomy":"category","embeddable":true,"href":"https:\/\/corrientesdetarde.com\/index.php\/wp-json\/wp\/v2\/categories?post=77724"},{"taxonomy":"post_tag","embeddable":true,"href":"https:\/\/corrientesdetarde.com\/index.php\/wp-json\/wp\/v2\/tags?post=77724"}],"curies":[{"name":"wp","href":"https:\/\/api.w.org\/{rel}","templated":true}]}}