{"id":77726,"date":"2023-08-02T09:27:49","date_gmt":"2023-08-02T12:27:49","guid":{"rendered":"https:\/\/corrientesdetarde.com\/?p=77726"},"modified":"2023-08-02T09:28:01","modified_gmt":"2023-08-02T12:28:01","slug":"cual-es-el-origen-de-la-palabra-carajo","status":"publish","type":"post","link":"https:\/\/corrientesdetarde.com\/index.php\/informacion-general\/cual-es-el-origen-de-la-palabra-carajo\/","title":{"rendered":"\u00bfCu\u00e1l es el origen de la palabra \u201ccarajo\u201d?\u00a0"},"content":{"rendered":"\n<p>La palabra&nbsp;<strong>\u201ccarajo\u201d&nbsp;<\/strong>es muy frecuente en la mayor\u00eda de los pa\u00edses de habla hispana, ya que se puede implementar en&nbsp;<strong>m\u00faltiples contextos<\/strong>, al mismo tiempo que ofrece un gran abanico de significados.&nbsp;<\/p>\n\n\n\n<p>Pero, a pesar de su utilidad, muy pocas personas conocen su origen, relacionado a las antiguas&nbsp;<strong>embarcaciones<\/strong>&nbsp;y las rutinas de los marineros en cada uno de sus extensos viajes.&nbsp;<\/p>\n\n\n\n<p>Entonces, si bien en muchas naciones es identificado como un insulto o una palabra de mal gusto, el \u201ccarajo\u201d original se resume a una simple&nbsp;<strong>estructura de madera.&nbsp;<\/strong><\/p>\n\n\n\n<h2 class=\"wp-block-heading\">\u00bfQu\u00e9 utilidad ten\u00eda el \u201ccarajo\u201d de los barcos?&nbsp;<\/h2>\n\n\n\n<figure class=\"wp-block-image\"><img decoding=\"async\" src=\"https:\/\/billiken.lat\/wp-content\/uploads\/2023\/05\/3-4.jpg\" alt=\"Carajo de un barco. \" class=\"wp-image-55910\"\/><\/figure>\n\n\n\n<p>Los antiguos buques de madera, impulsados por grandes velas, donde cientos de tripulantes compart\u00edan viajes que pod\u00edan durar largos meses, ten\u00edan un sector muy elevado que se denominaba&nbsp;<strong>\u201ccarajo\u201d.&nbsp;<\/strong><\/p>\n\n\n\n<p>El carajo era, en simples palabras, la peque\u00f1a&nbsp;<strong>canasta de madera q<\/strong>ue el palo mayor del buque ten\u00eda en su&nbsp;<strong>punto m\u00e1s elevado.<\/strong>&nbsp;Es decir, el sitio que se frecuentaba para obtener las mejores vistas.&nbsp;<\/p>\n\n\n\n<p>Sin embargo, debido a su dise\u00f1o y ubicaci\u00f3n, nadie disfrutaba permanecer mucho tiempo en este sector del barco. All\u00ed, los distintos movimientos del viaje se sent\u00edan con&nbsp;<strong>mayor intensidad y<\/strong>&nbsp;esto generaba desde&nbsp;<strong>temor a fuertes mareos.&nbsp;<\/strong><\/p>\n\n\n\n<p>Es por eso que, ante una falta cometida, el jefe de la tripulaci\u00f3n sol\u00eda&nbsp;<strong>\u201cmandar al carajo\u201d&nbsp;<\/strong>a la persona responsable de los hechos.<\/p>\n\n\n\n<h2 class=\"wp-block-heading\">\u00bfCu\u00e1les son las frases actuales que hacen referencia al \u201ccarajo\u201d original?<\/h2>\n\n\n\n<p>En el \u00faltimo p\u00e1rrafo hemos mencionado una de las frases m\u00e1s t\u00edpicas de la \u00e9poca, que se mantienen hasta los&nbsp;<strong>tiempos actuales<\/strong>, aunque hoy en d\u00eda no se utiliza para ordenarle a una persona que permanezca en lo m\u00e1s alto de un barco.&nbsp;<\/p>\n\n\n\n<p>Pero, para sorpresa de muchos, esta simple actividad cotidiana de los marineros dio lugar a otras&nbsp;<strong>oraciones muy frecuentes&nbsp;<\/strong>en los pa\u00edses hispanohablantes como<strong>&nbsp;\u201cno vale un carajo\u201d o \u201cir a parar al carajo\u201d<\/strong>, entre otras.&nbsp;<\/p>\n\n\n\n<p>Por un lado, \u201cno vale un carajo\u201d hace referencia a que, debido a los&nbsp;<strong>mareos<\/strong>, cuando una persona regresaba de este espacio del barco, no pod\u00eda seguir trabajando. Y. por el otro, \u201cir a parar al carajo\u201d surgi\u00f3 de que no hab\u00eda un&nbsp;<strong>lugar m\u00e1s lejano del barco<\/strong>&nbsp;que el mencionado.&nbsp;<\/p>\n\n\n\n<h2 class=\"wp-block-heading\">\u00bfCu\u00e1ntas definiciones de esta palabra acepta la Real Academia Espa\u00f1ola?&nbsp;<\/h2>\n\n\n\n<figure class=\"wp-block-image\"><img decoding=\"async\" src=\"https:\/\/billiken.lat\/wp-content\/uploads\/2023\/05\/2-9.jpg\" alt=\"Un barco, con el carajo a la vista.\" class=\"wp-image-55911\"\/><\/figure>\n\n\n\n<p>El uso de la palabra \u201ccarajo\u201d dentro de los barcos evolucion\u00f3, como hemos podido analizar, en frases que hoy tienen&nbsp;<strong>otro sentido&nbsp;<\/strong>pero que se escriben y se pronuncian de la misma manera.&nbsp;<\/p>\n\n\n\n<p>Sin embargo, a trav\u00e9s de lo anunciado por la<strong>&nbsp;Real Academia Espa\u00f1ola<\/strong>, se pudo comprobar que \u201ccarajo\u201d tiene muchas m\u00e1s&nbsp;<strong>utilidades<\/strong>&nbsp;que las imaginadas.&nbsp;<\/p>\n\n\n\n<p>Es por eso que, seg\u00fan la RAE, esta palabra est\u00e1&nbsp;<strong>bien implementada&nbsp;<\/strong>en una oraci\u00f3n si se quiere hacer referencia a:&nbsp;<\/p>\n\n\n\n<ul class=\"wp-block-list\"><li>El miembro viril.&nbsp;<\/li><li>Persona desvalorizada.&nbsp;<\/li><li>Se\u00f1al de rechazo.&nbsp;<\/li><li>Sorpresa.&nbsp;<\/li><li>Algo muy grande o intenso.&nbsp;<\/li><li>Un hecho o persona despreciable.&nbsp;<\/li><li>Algo que tiene un mal fin.<\/li><li>Un hecho o persona que denota negaci\u00f3n, decisi\u00f3n o contrariedad.<\/li><li>Una cantidad reducida.&nbsp;<\/li><\/ul>\n","protected":false},"excerpt":{"rendered":"<p>La palabra&nbsp;\u201ccarajo\u201d&nbsp;es muy frecuente en la mayor\u00eda de los pa\u00edses de habla hispana, ya que se puede implementar en&nbsp;m\u00faltiples contextos, al mismo tiempo que ofrece un gran abanico de significados.&nbsp;&hellip; <\/p>\n","protected":false},"author":1,"featured_media":77730,"comment_status":"closed","ping_status":"open","sticky":false,"template":"","format":"standard","meta":{"footnotes":""},"categories":[1],"tags":[],"class_list":["post-77726","post","type-post","status-publish","format-standard","has-post-thumbnail","hentry","category-informacion-general"],"_links":{"self":[{"href":"https:\/\/corrientesdetarde.com\/index.php\/wp-json\/wp\/v2\/posts\/77726","targetHints":{"allow":["GET"]}}],"collection":[{"href":"https:\/\/corrientesdetarde.com\/index.php\/wp-json\/wp\/v2\/posts"}],"about":[{"href":"https:\/\/corrientesdetarde.com\/index.php\/wp-json\/wp\/v2\/types\/post"}],"author":[{"embeddable":true,"href":"https:\/\/corrientesdetarde.com\/index.php\/wp-json\/wp\/v2\/users\/1"}],"replies":[{"embeddable":true,"href":"https:\/\/corrientesdetarde.com\/index.php\/wp-json\/wp\/v2\/comments?post=77726"}],"version-history":[{"count":1,"href":"https:\/\/corrientesdetarde.com\/index.php\/wp-json\/wp\/v2\/posts\/77726\/revisions"}],"predecessor-version":[{"id":77731,"href":"https:\/\/corrientesdetarde.com\/index.php\/wp-json\/wp\/v2\/posts\/77726\/revisions\/77731"}],"wp:featuredmedia":[{"embeddable":true,"href":"https:\/\/corrientesdetarde.com\/index.php\/wp-json\/wp\/v2\/media\/77730"}],"wp:attachment":[{"href":"https:\/\/corrientesdetarde.com\/index.php\/wp-json\/wp\/v2\/media?parent=77726"}],"wp:term":[{"taxonomy":"category","embeddable":true,"href":"https:\/\/corrientesdetarde.com\/index.php\/wp-json\/wp\/v2\/categories?post=77726"},{"taxonomy":"post_tag","embeddable":true,"href":"https:\/\/corrientesdetarde.com\/index.php\/wp-json\/wp\/v2\/tags?post=77726"}],"curies":[{"name":"wp","href":"https:\/\/api.w.org\/{rel}","templated":true}]}}