{"id":77727,"date":"2023-08-02T09:25:56","date_gmt":"2023-08-02T12:25:56","guid":{"rendered":"https:\/\/corrientesdetarde.com\/?p=77727"},"modified":"2023-08-02T09:26:08","modified_gmt":"2023-08-02T12:26:08","slug":"el-percance-de-emilia-mernes-arriba-del-escenario","status":"publish","type":"post","link":"https:\/\/corrientesdetarde.com\/index.php\/espectaculos\/el-percance-de-emilia-mernes-arriba-del-escenario\/","title":{"rendered":"El percance de Emilia Mernes arriba del escenario"},"content":{"rendered":"\n<p><strong>Emilia Mernes&nbsp;<\/strong>se encuentra haciendo una exitosa gira por Espa\u00f1a. Sin embargo, en el show que realiz\u00f3 en las \u00faltimas horas en La Coru\u00f1a,&nbsp;<strong>tuvo un percance con uno de sus vestuarios<\/strong>&nbsp;y el video se viraliz\u00f3 en las redes sociales.<\/p>\n\n\n\n<p>La cantante estaba interpretando<strong>&nbsp;Perreito salvaje<\/strong>, canci\u00f3n en la que bail\u00f3 &#8220;hasta abajo&#8221; y se le rompi\u00f3 el pantal\u00f3n en la cola.<\/p>\n\n\n\n<p><strong>&#8220;Hubo un percance con el pantal\u00f3n&#8221;,<\/strong>&nbsp;dijo la cantante, luego de abandonar, dando divertidos saltitos sin darse vuelta, por un instante el escenario para cambiarse la prenda.<\/p>\n\n\n\n<p><strong>&#8220;Traaa, en culo&#8221;<\/strong>, agreg\u00f3 Emilia, con humor, sorteando el inconveniente con sinceridad y simpat\u00eda.<\/p>\n\n\n\n<p>Despu\u00e9s de esta ins\u00f3lita situaci\u00f3n, la cantante us\u00f3 su canal de difusi\u00f3n de Instagram y&nbsp;<strong>coment\u00f3 c\u00f3mo fue el momento que vivi\u00f3 arriba del escenario.<\/strong><\/p>\n\n\n\n<p>&#8220;No saben lo que me pas\u00f3 ayer.&nbsp;<strong>Tengo mi primera an\u00e9cdota iconic, s\u00faper humillante, en el escenario&#8221;,<\/strong>&nbsp;comenz\u00f3 escribiendo Emilia.<\/p>\n\n\n\n<p>Y, agreg\u00f3: &#8220;Estaba terminando la segunda canci\u00f3n Perreito salvaje y vieron que dice &#8216;me encanta que le demos hasta abajo&#8217;. C<strong>uando doy hasta abajo escucho prrrrm. Se me rompi\u00f3 el pantal\u00f3n<\/strong>, justo en la parte del culo&#8221;.<\/p>\n\n\n\n<p>Luego, continu\u00f3 en otro mensaje con el relato:<strong>&nbsp;&#8220;En pleno show qued\u00e9 en ogt.&nbsp;<\/strong>Lo &#8216;positivo es que solo me vieron los m\u00fasicos y no el p\u00fablico&#8221;.<\/p>\n\n\n\n<p>&#8220;Nunca me hab\u00eda pasado algo as\u00ed. Y pens\u00e9 &#8216;\u00bfqu\u00e9 hago ahora?&#8217;. Ten\u00eda que resolver r\u00e1pido.<strong>\u00a0Empiezo a recular y voy caminando tiesa hasta el cambio r\u00e1pido<\/strong>, que es como un camar\u00edn que est\u00e1 al lado del escenario&#8221;, expres\u00f3 la cantante.<\/p>\n\n\n\n<figure class=\"wp-block-embed is-type-video is-provider-youtube wp-block-embed-youtube wp-embed-aspect-16-9 wp-has-aspect-ratio\"><div class=\"wp-block-embed__wrapper\">\n<iframe loading=\"lazy\" title=\"A EMILIA se le ROMPE el PANTAL\u00d3N en VIVO: &quot;Tuve un percance en el pantal\u00f3n&quot;\" width=\"1110\" height=\"624\" src=\"https:\/\/www.youtube.com\/embed\/mOGGfh8uUaw?feature=oembed\" frameborder=\"0\" allow=\"accelerometer; autoplay; clipboard-write; encrypted-media; gyroscope; picture-in-picture; web-share\" allowfullscreen><\/iframe>\n<\/div><\/figure>\n","protected":false},"excerpt":{"rendered":"<p>Emilia Mernes&nbsp;se encuentra haciendo una exitosa gira por Espa\u00f1a. Sin embargo, en el show que realiz\u00f3 en las \u00faltimas horas en La Coru\u00f1a,&nbsp;tuvo un percance con uno de sus vestuarios&nbsp;y&hellip; <\/p>\n","protected":false},"author":1,"featured_media":77728,"comment_status":"closed","ping_status":"open","sticky":false,"template":"","format":"standard","meta":{"footnotes":""},"categories":[19],"tags":[],"class_list":["post-77727","post","type-post","status-publish","format-standard","has-post-thumbnail","hentry","category-espectaculos"],"_links":{"self":[{"href":"https:\/\/corrientesdetarde.com\/index.php\/wp-json\/wp\/v2\/posts\/77727","targetHints":{"allow":["GET"]}}],"collection":[{"href":"https:\/\/corrientesdetarde.com\/index.php\/wp-json\/wp\/v2\/posts"}],"about":[{"href":"https:\/\/corrientesdetarde.com\/index.php\/wp-json\/wp\/v2\/types\/post"}],"author":[{"embeddable":true,"href":"https:\/\/corrientesdetarde.com\/index.php\/wp-json\/wp\/v2\/users\/1"}],"replies":[{"embeddable":true,"href":"https:\/\/corrientesdetarde.com\/index.php\/wp-json\/wp\/v2\/comments?post=77727"}],"version-history":[{"count":1,"href":"https:\/\/corrientesdetarde.com\/index.php\/wp-json\/wp\/v2\/posts\/77727\/revisions"}],"predecessor-version":[{"id":77729,"href":"https:\/\/corrientesdetarde.com\/index.php\/wp-json\/wp\/v2\/posts\/77727\/revisions\/77729"}],"wp:featuredmedia":[{"embeddable":true,"href":"https:\/\/corrientesdetarde.com\/index.php\/wp-json\/wp\/v2\/media\/77728"}],"wp:attachment":[{"href":"https:\/\/corrientesdetarde.com\/index.php\/wp-json\/wp\/v2\/media?parent=77727"}],"wp:term":[{"taxonomy":"category","embeddable":true,"href":"https:\/\/corrientesdetarde.com\/index.php\/wp-json\/wp\/v2\/categories?post=77727"},{"taxonomy":"post_tag","embeddable":true,"href":"https:\/\/corrientesdetarde.com\/index.php\/wp-json\/wp\/v2\/tags?post=77727"}],"curies":[{"name":"wp","href":"https:\/\/api.w.org\/{rel}","templated":true}]}}