{"id":77732,"date":"2023-08-02T10:42:36","date_gmt":"2023-08-02T13:42:36","guid":{"rendered":"https:\/\/corrientesdetarde.com\/?p=77732"},"modified":"2023-08-02T10:43:04","modified_gmt":"2023-08-02T13:43:04","slug":"continua-hoy-el-juicio-contra-el-ginecologo-acusado-de-abuso-sexual","status":"publish","type":"post","link":"https:\/\/corrientesdetarde.com\/index.php\/crimen-y-justicia\/continua-hoy-el-juicio-contra-el-ginecologo-acusado-de-abuso-sexual\/","title":{"rendered":"Contin\u00faa hoy el juicio contra Gerardo Alejandro Dahse, el ginec\u00f3logo acusado de abuso sexual"},"content":{"rendered":"\n<p>Este mi\u00e9rcoles desde las 10 horas en el TOP N\u00b01 se realizar\u00e1 la segunda jornada del juicio contra el ginec\u00f3logo Gerardo Alejandro Dahse por supuesto abuso sexual gravemente ultrajante, previsto y penado por el art\u00edculo 119 segundo p\u00e1rrafo del C\u00f3digo Penal. Este delito prev\u00e9 una pena de 4 a 10 a\u00f1os.<\/p>\n\n\n\n<p>Se esperan que declaren dos peritos profesionales y otra testigo. El mi\u00e9rcoles pasado que fue el primer d\u00eda declar\u00f3 la v\u00edctima m\u00e1s de dos horas y media mientras que el imputado se neg\u00f3 a hacerlo.<\/p>\n\n\n\n<p><strong>LA CAUSA<\/strong><\/p>\n\n\n\n<p>La causa lleg\u00f3 al Tribunal Penal N\u00b01 \u2013 hoy Tribunal de Juicio- en marzo de 2023 y el Tribunal est\u00e1 presidido por la doctora Ana del Carmen Figueredo con la vocal\u00eda de los doctores Cynthia Teresa Godoy Prats y Ra\u00fal Juan Carlos Guer\u00edn.<\/p>\n\n\n\n<p>El fiscal de juicio, doctor Carlos L\u00e9rtora est\u00e1 de licencia, por lo que fue subrogado por el Fiscal Adjunto del Poder Judicial doctor Jorge Omar Semhan.<\/p>\n\n\n\n<p>La secretaria del juicio es la doctora Cynthia Godoy Gonz\u00e1lez.<\/p>\n\n\n\n<p>Se espera que en el transcurso de las jornadas declaren 14 testigos.<\/p>\n","protected":false},"excerpt":{"rendered":"<p>Este mi\u00e9rcoles desde las 10 horas en el TOP N\u00b01 se realizar\u00e1 la segunda jornada del juicio contra el ginec\u00f3logo Gerardo Alejandro Dahse por supuesto abuso sexual gravemente ultrajante, previsto&hellip; <\/p>\n","protected":false},"author":1,"featured_media":77741,"comment_status":"closed","ping_status":"open","sticky":false,"template":"","format":"standard","meta":{"footnotes":""},"categories":[5],"tags":[],"class_list":["post-77732","post","type-post","status-publish","format-standard","has-post-thumbnail","hentry","category-crimen-y-justicia"],"_links":{"self":[{"href":"https:\/\/corrientesdetarde.com\/index.php\/wp-json\/wp\/v2\/posts\/77732","targetHints":{"allow":["GET"]}}],"collection":[{"href":"https:\/\/corrientesdetarde.com\/index.php\/wp-json\/wp\/v2\/posts"}],"about":[{"href":"https:\/\/corrientesdetarde.com\/index.php\/wp-json\/wp\/v2\/types\/post"}],"author":[{"embeddable":true,"href":"https:\/\/corrientesdetarde.com\/index.php\/wp-json\/wp\/v2\/users\/1"}],"replies":[{"embeddable":true,"href":"https:\/\/corrientesdetarde.com\/index.php\/wp-json\/wp\/v2\/comments?post=77732"}],"version-history":[{"count":2,"href":"https:\/\/corrientesdetarde.com\/index.php\/wp-json\/wp\/v2\/posts\/77732\/revisions"}],"predecessor-version":[{"id":77743,"href":"https:\/\/corrientesdetarde.com\/index.php\/wp-json\/wp\/v2\/posts\/77732\/revisions\/77743"}],"wp:featuredmedia":[{"embeddable":true,"href":"https:\/\/corrientesdetarde.com\/index.php\/wp-json\/wp\/v2\/media\/77741"}],"wp:attachment":[{"href":"https:\/\/corrientesdetarde.com\/index.php\/wp-json\/wp\/v2\/media?parent=77732"}],"wp:term":[{"taxonomy":"category","embeddable":true,"href":"https:\/\/corrientesdetarde.com\/index.php\/wp-json\/wp\/v2\/categories?post=77732"},{"taxonomy":"post_tag","embeddable":true,"href":"https:\/\/corrientesdetarde.com\/index.php\/wp-json\/wp\/v2\/tags?post=77732"}],"curies":[{"name":"wp","href":"https:\/\/api.w.org\/{rel}","templated":true}]}}