{"id":77745,"date":"2023-08-02T11:20:53","date_gmt":"2023-08-02T14:20:53","guid":{"rendered":"https:\/\/corrientesdetarde.com\/?p=77745"},"modified":"2023-08-02T11:21:04","modified_gmt":"2023-08-02T14:21:04","slug":"confirman-tres-anos-en-suspenso-para-un-policia-que-encubrio-el-robo-de-una-oveja","status":"publish","type":"post","link":"https:\/\/corrientesdetarde.com\/index.php\/policiales\/confirman-tres-anos-en-suspenso-para-un-policia-que-encubrio-el-robo-de-una-oveja\/","title":{"rendered":"Confirman tres a\u00f1os en suspenso para un polic\u00eda que encubri\u00f3 el robo de una oveja"},"content":{"rendered":"\n<p>Hoy mediante sentencia Penal N\u00ba 105\/23, en audiencia oral que garantiza la celeridad e inmediatez de los procesos, el Superior Tribunal de Justicia por unanimidad confirm\u00f3 la sentencia N\u00ba 38\/23 del Tribunal de Juicio Unipersonal de Paso de los Libres ejercido por el doctor Marcelo Manuel Pardo que conden\u00f3 a un polic\u00eda a tres a\u00f1os de prisi\u00f3n en suspenso y seis a\u00f1os de inhabilitaci\u00f3n especial por facilitar la faena de una oveja a sabiendas de que su origen era il\u00edcito.<\/p>\n\n\n\n<p><strong>Los hechos<\/strong><\/p>\n\n\n\n<p>El 25 de Diciembre de 2021, en la Comisar\u00eda de Bonpland, un comisario inspector, despu\u00e9s de que otras personas cometan el delito de abigeato, viol\u00f3 sus deberes y facilit\u00f3 la faena de los productos obtenidos de una oveja, conociendo su origen il\u00edcito.<\/p>\n\n\n\n<p>Los coloc\u00f3 en una heladera de la comisar\u00eda y desech\u00f3 sus v\u00edsceras, cuero y cabeza en un tacho que estaba en el patio del lugar.<\/p>\n\n\n\n<p><strong>La audiencia de hoy<\/strong><\/p>\n\n\n\n<p>Las audiencias orales como la de hoy se realizan en el Sal\u00f3n de acuerdos del Superior Tribunal de Justicia peri\u00f3dicamente y permiten la inmediatez y celeridad de los procesos. Estuvo presidida por el doctor Luis Eduardo Rey V\u00e1zquez, acompa\u00f1ado por los doctores Eduardo Panseri, Fernando Augusto Niz, Guillermo Horacio Semhan y Alejandro Alberto Cha\u00edn.<\/p>\n\n\n\n<p>El fiscal fue el doctor Jorge Omar Semhan, fiscal Adjunto del Poder Judicial, quien se conect\u00f3 v\u00eda remota desde su despacho. Tambi\u00e9n virtualmente participaron desde su despacho en Paso de los Libres, el fiscal de juicio, Facundo Alfredo Sotelo y desde la OFIJU de Mercedes, el defensor, doctor Pedro Roberto Karamy y el condenado.<\/p>\n\n\n\n<p>La secretaria fue la doctora Corina Elena Shpoliansky, secretaria Jurisdiccional N\u00b04 del STJ.<\/p>\n\n\n\n<p>Los fundamentos de la sentencia N\u00ba105\/23 ser\u00e1n dados a conocer el viernes 16 de agosto y enviados a trav\u00e9s del correo electr\u00f3nico institucional.<\/p>\n\n\n\n<p>El recurso<\/p>\n\n\n\n<p>En primer lugar la defensa se agravi\u00f3 porque consider\u00f3 que el juez que lo conden\u00f3 cambi\u00f3 los hechos por los que la fiscal\u00eda lo acus.<\/p>\n\n\n\n<p>Indic\u00f3 que el doctor Pardo sostuvo en su fallo que el polic\u00eda viol\u00f3 los deberes a su cargo porque facilit\u00f3 la faena de los productos obtenidos del animal ovino, conociendo su origen il\u00edcito. El fiscal en cambio afirm\u00f3 con anterioridad que la conducta penalmente reprochable era haber facilitado el m\u00f3vil policial y el arma, no las dependencias policiales para la faena con conocimiento de la ilicitud del animal.<\/p>\n\n\n\n<p>En este marc\u00f3 indic\u00f3 que la sentencia no tiene congruencia.<\/p>\n\n\n\n<p>Tambi\u00e9n resalt\u00f3 que existi\u00f3 arbitrariedad en la valoraci\u00f3n de los elementos probatorios y subray\u00f3 que la circunstancia de estar cerca de un hecho delictual no lo convierte al polic\u00eda en un criminal profeso, m\u00e1xime cuando estamos frente a un delito que requiere como elemento subjetivo dolo directo.<\/p>\n\n\n\n<p>Finalmente sostuvo que el magistrado ha incurrido en una fundamentaci\u00f3n aparente, irracional, arbitraria, alejado de la sana cr\u00edtica, solicitando consecuentemente que la sentencia impugnada no puede consider\u00e1rsela constitucionalmente v\u00e1lida y por ende debe revocarse.<\/p>\n","protected":false},"excerpt":{"rendered":"<p>Hoy mediante sentencia Penal N\u00ba 105\/23, en audiencia oral que garantiza la celeridad e inmediatez de los procesos, el Superior Tribunal de Justicia por unanimidad confirm\u00f3 la sentencia N\u00ba 38\/23&hellip; <\/p>\n","protected":false},"author":1,"featured_media":71033,"comment_status":"closed","ping_status":"open","sticky":false,"template":"","format":"standard","meta":{"footnotes":""},"categories":[33],"tags":[],"class_list":["post-77745","post","type-post","status-publish","format-standard","has-post-thumbnail","hentry","category-policiales"],"_links":{"self":[{"href":"https:\/\/corrientesdetarde.com\/index.php\/wp-json\/wp\/v2\/posts\/77745","targetHints":{"allow":["GET"]}}],"collection":[{"href":"https:\/\/corrientesdetarde.com\/index.php\/wp-json\/wp\/v2\/posts"}],"about":[{"href":"https:\/\/corrientesdetarde.com\/index.php\/wp-json\/wp\/v2\/types\/post"}],"author":[{"embeddable":true,"href":"https:\/\/corrientesdetarde.com\/index.php\/wp-json\/wp\/v2\/users\/1"}],"replies":[{"embeddable":true,"href":"https:\/\/corrientesdetarde.com\/index.php\/wp-json\/wp\/v2\/comments?post=77745"}],"version-history":[{"count":1,"href":"https:\/\/corrientesdetarde.com\/index.php\/wp-json\/wp\/v2\/posts\/77745\/revisions"}],"predecessor-version":[{"id":77748,"href":"https:\/\/corrientesdetarde.com\/index.php\/wp-json\/wp\/v2\/posts\/77745\/revisions\/77748"}],"wp:featuredmedia":[{"embeddable":true,"href":"https:\/\/corrientesdetarde.com\/index.php\/wp-json\/wp\/v2\/media\/71033"}],"wp:attachment":[{"href":"https:\/\/corrientesdetarde.com\/index.php\/wp-json\/wp\/v2\/media?parent=77745"}],"wp:term":[{"taxonomy":"category","embeddable":true,"href":"https:\/\/corrientesdetarde.com\/index.php\/wp-json\/wp\/v2\/categories?post=77745"},{"taxonomy":"post_tag","embeddable":true,"href":"https:\/\/corrientesdetarde.com\/index.php\/wp-json\/wp\/v2\/tags?post=77745"}],"curies":[{"name":"wp","href":"https:\/\/api.w.org\/{rel}","templated":true}]}}