{"id":77746,"date":"2023-08-02T11:19:03","date_gmt":"2023-08-02T14:19:03","guid":{"rendered":"https:\/\/corrientesdetarde.com\/?p=77746"},"modified":"2023-08-02T11:19:15","modified_gmt":"2023-08-02T14:19:15","slug":"suplemento-por-la-suba-del-salario-minimo-anses-lo-pagara-en-agosto","status":"publish","type":"post","link":"https:\/\/corrientesdetarde.com\/index.php\/economia\/suplemento-por-la-suba-del-salario-minimo-anses-lo-pagara-en-agosto\/","title":{"rendered":"suplemento por la suba del salario m\u00ednimo: ANSES lo pagar\u00e1 en agosto"},"content":{"rendered":"\n<p>A dichos suplementos se sumar\u00e1 al refuerzo de 20 mil pesos que el organismo previsional abonar\u00e1 a los jubilados de la m\u00ednima con el calendario de pago habitual.<\/p>\n\n\n\n<p>De este modo, un jubilado o pensionado de la m\u00ednima, con 30 a\u00f1os o m\u00e1s de aportes efectivos, sin moratoria ni plan de pago para cancelar a\u00f1os de aportes, recibir\u00e1 en agosto 127.822 pesos (haber + el refuerzo de ANSES + suplementos por SMVM).<\/p>\n\n\n\n<p>El calendario de pago de estos dos suplementos (julio y agosto) queda conformado de la siguiente manera:<\/p>\n\n\n\n<p>\u00b7 &nbsp; &nbsp; &nbsp; &nbsp;DNI terminados en 0 y 1: 7 de agosto<\/p>\n\n\n\n<p>\u00b7 &nbsp; &nbsp; &nbsp; &nbsp;DNI terminados en 2 y 3: 8 de agosto<\/p>\n\n\n\n<p>\u00b7 &nbsp; &nbsp; &nbsp; &nbsp;DNI terminados en 4 y 5: 9 de agosto<\/p>\n\n\n\n<p>\u00b7 &nbsp; &nbsp; &nbsp; &nbsp;DNI terminados en 6 y 7: 10 de agosto<\/p>\n\n\n\n<p>\u00b7 &nbsp; &nbsp; &nbsp; &nbsp;DNI terminados en 8 y 9: 11 de agosto<\/p>\n","protected":false},"excerpt":{"rendered":"<p>A dichos suplementos se sumar\u00e1 al refuerzo de 20 mil pesos que el organismo previsional abonar\u00e1 a los jubilados de la m\u00ednima con el calendario de pago habitual. De este&hellip; <\/p>\n","protected":false},"author":1,"featured_media":72804,"comment_status":"closed","ping_status":"open","sticky":false,"template":"","format":"standard","meta":{"footnotes":""},"categories":[20],"tags":[],"class_list":["post-77746","post","type-post","status-publish","format-standard","has-post-thumbnail","hentry","category-economia"],"_links":{"self":[{"href":"https:\/\/corrientesdetarde.com\/index.php\/wp-json\/wp\/v2\/posts\/77746","targetHints":{"allow":["GET"]}}],"collection":[{"href":"https:\/\/corrientesdetarde.com\/index.php\/wp-json\/wp\/v2\/posts"}],"about":[{"href":"https:\/\/corrientesdetarde.com\/index.php\/wp-json\/wp\/v2\/types\/post"}],"author":[{"embeddable":true,"href":"https:\/\/corrientesdetarde.com\/index.php\/wp-json\/wp\/v2\/users\/1"}],"replies":[{"embeddable":true,"href":"https:\/\/corrientesdetarde.com\/index.php\/wp-json\/wp\/v2\/comments?post=77746"}],"version-history":[{"count":1,"href":"https:\/\/corrientesdetarde.com\/index.php\/wp-json\/wp\/v2\/posts\/77746\/revisions"}],"predecessor-version":[{"id":77747,"href":"https:\/\/corrientesdetarde.com\/index.php\/wp-json\/wp\/v2\/posts\/77746\/revisions\/77747"}],"wp:featuredmedia":[{"embeddable":true,"href":"https:\/\/corrientesdetarde.com\/index.php\/wp-json\/wp\/v2\/media\/72804"}],"wp:attachment":[{"href":"https:\/\/corrientesdetarde.com\/index.php\/wp-json\/wp\/v2\/media?parent=77746"}],"wp:term":[{"taxonomy":"category","embeddable":true,"href":"https:\/\/corrientesdetarde.com\/index.php\/wp-json\/wp\/v2\/categories?post=77746"},{"taxonomy":"post_tag","embeddable":true,"href":"https:\/\/corrientesdetarde.com\/index.php\/wp-json\/wp\/v2\/tags?post=77746"}],"curies":[{"name":"wp","href":"https:\/\/api.w.org\/{rel}","templated":true}]}}