{"id":77750,"date":"2023-08-02T11:24:57","date_gmt":"2023-08-02T14:24:57","guid":{"rendered":"https:\/\/corrientesdetarde.com\/?p=77750"},"modified":"2023-08-02T11:25:09","modified_gmt":"2023-08-02T14:25:09","slug":"dialogos-de-superacion-cuarto-conversatorio-mujeres-que-inspiran-en-la-legislatura","status":"publish","type":"post","link":"https:\/\/corrientesdetarde.com\/index.php\/locales\/dialogos-de-superacion-cuarto-conversatorio-mujeres-que-inspiran-en-la-legislatura\/","title":{"rendered":"Di\u00e1logos de superaci\u00f3n: Cuarto Conversatorio \u201cMujeres que inspiran\u201d en la Legislatura"},"content":{"rendered":"\n<p>El vicegobernador de Corrientes, Pedro Braillard Poccard, invita al cuarto conversatorio \u201cMujeres que Inspiran\u201d, un espacio que propone el di\u00e1logo entre mujeres cuyas historias de vida motivan a la autosuperaci\u00f3n, y el p\u00fablico.<br>El conversatorio, que se realizar\u00e1 invita el jueves 3 de agosto a las 18:30 en la Legislatura, es un espacio de acercamiento de charla de un panel de mujeres que se desempe\u00f1an en un rol y profesi\u00f3n en los que han sabido crecer y son un ejemplo para nuestra comunidad.<\/p>\n\n\n\n<p>En la oportunidad compartir\u00e1n su experiencia:<br>*Mar\u00eda Mercedes Jantus, profesora en Pedagog\u00eda Diferencial. Trabaj\u00f3 en el Servicio de Salud Mental del hospital de ni\u00f1os &#8220;Eloisa Torren de Vidal&#8221;, en el Centro Terap\u00e9utico &#8220;Activamente&#8221;. Se desempe\u00f1\u00f3 como docente en la Escuela Especial Caridi en la que actualmente es Vicedirectora.<br>*Suellen Worstell, licenciada en Artes Esc\u00e9nicas, quien public\u00f3 varios libros, realiz\u00f3 cursos, capacitaciones, talleres y ponencias vinculadas a su actividad. Es directora del Grupo de Teatro ALTO Bache y del Grupo de Teatro Tatec Lamaic. Presidente Fundaci\u00f3n Ni\u00f1os y J\u00f3venes Embajadores de la Paz.<br>*Flavia Romina Lagra\u00f1a, hipoac\u00fasica qui\u00e9n desde los 7 a\u00f1os ingres\u00f3 a la Asociaci\u00f3n de SORDOS de Corrientes y es una referente de lengua de se\u00f1as de la Regi\u00f3n litoral.<br>*Julia S\u00e1ez, licenciada en Psicopedagog\u00eda y Neuropsicolog\u00eda. Es Directora de DiSEPA e Instituto Cerebro.<\/p>\n\n\n\n<figure class=\"wp-block-image size-large\"><img loading=\"lazy\" decoding=\"async\" width=\"1024\" height=\"1024\" src=\"https:\/\/corrientesdetarde.com\/wp-content\/uploads\/2023\/08\/WhatsApp-Image-2023-08-02-at-11.22.18-1024x1024.jpg\" alt=\"\" class=\"wp-image-77751\" srcset=\"https:\/\/corrientesdetarde.com\/wp-content\/uploads\/2023\/08\/WhatsApp-Image-2023-08-02-at-11.22.18-1024x1024.jpg 1024w, https:\/\/corrientesdetarde.com\/wp-content\/uploads\/2023\/08\/WhatsApp-Image-2023-08-02-at-11.22.18-300x300.jpg 300w, https:\/\/corrientesdetarde.com\/wp-content\/uploads\/2023\/08\/WhatsApp-Image-2023-08-02-at-11.22.18-150x150.jpg 150w, https:\/\/corrientesdetarde.com\/wp-content\/uploads\/2023\/08\/WhatsApp-Image-2023-08-02-at-11.22.18-768x768.jpg 768w, https:\/\/corrientesdetarde.com\/wp-content\/uploads\/2023\/08\/WhatsApp-Image-2023-08-02-at-11.22.18-1536x1536.jpg 1536w, https:\/\/corrientesdetarde.com\/wp-content\/uploads\/2023\/08\/WhatsApp-Image-2023-08-02-at-11.22.18.jpg 1562w\" sizes=\"auto, (max-width: 1024px) 100vw, 1024px\" \/><\/figure>\n","protected":false},"excerpt":{"rendered":"<p>El vicegobernador de Corrientes, Pedro Braillard Poccard, invita al cuarto conversatorio \u201cMujeres que Inspiran\u201d, un espacio que propone el di\u00e1logo entre mujeres cuyas historias de vida motivan a la autosuperaci\u00f3n,&hellip; <\/p>\n","protected":false},"author":1,"featured_media":77752,"comment_status":"closed","ping_status":"open","sticky":false,"template":"","format":"standard","meta":{"footnotes":""},"categories":[8],"tags":[],"class_list":["post-77750","post","type-post","status-publish","format-standard","has-post-thumbnail","hentry","category-locales"],"_links":{"self":[{"href":"https:\/\/corrientesdetarde.com\/index.php\/wp-json\/wp\/v2\/posts\/77750","targetHints":{"allow":["GET"]}}],"collection":[{"href":"https:\/\/corrientesdetarde.com\/index.php\/wp-json\/wp\/v2\/posts"}],"about":[{"href":"https:\/\/corrientesdetarde.com\/index.php\/wp-json\/wp\/v2\/types\/post"}],"author":[{"embeddable":true,"href":"https:\/\/corrientesdetarde.com\/index.php\/wp-json\/wp\/v2\/users\/1"}],"replies":[{"embeddable":true,"href":"https:\/\/corrientesdetarde.com\/index.php\/wp-json\/wp\/v2\/comments?post=77750"}],"version-history":[{"count":1,"href":"https:\/\/corrientesdetarde.com\/index.php\/wp-json\/wp\/v2\/posts\/77750\/revisions"}],"predecessor-version":[{"id":77753,"href":"https:\/\/corrientesdetarde.com\/index.php\/wp-json\/wp\/v2\/posts\/77750\/revisions\/77753"}],"wp:featuredmedia":[{"embeddable":true,"href":"https:\/\/corrientesdetarde.com\/index.php\/wp-json\/wp\/v2\/media\/77752"}],"wp:attachment":[{"href":"https:\/\/corrientesdetarde.com\/index.php\/wp-json\/wp\/v2\/media?parent=77750"}],"wp:term":[{"taxonomy":"category","embeddable":true,"href":"https:\/\/corrientesdetarde.com\/index.php\/wp-json\/wp\/v2\/categories?post=77750"},{"taxonomy":"post_tag","embeddable":true,"href":"https:\/\/corrientesdetarde.com\/index.php\/wp-json\/wp\/v2\/tags?post=77750"}],"curies":[{"name":"wp","href":"https:\/\/api.w.org\/{rel}","templated":true}]}}