{"id":77783,"date":"2023-08-02T14:01:35","date_gmt":"2023-08-02T17:01:35","guid":{"rendered":"https:\/\/corrientesdetarde.com\/?p=77783"},"modified":"2023-08-02T14:22:59","modified_gmt":"2023-08-02T17:22:59","slug":"solicitud-de-colaboracionpara-la-localizacion-y-paraderode-la-menor-sheila-ayelen-benitez-de-16-anos-de-edad","status":"publish","type":"post","link":"https:\/\/corrientesdetarde.com\/index.php\/sociales\/solicitud-de-colaboracionpara-la-localizacion-y-paraderode-la-menor-sheila-ayelen-benitez-de-16-anos-de-edad\/","title":{"rendered":"SOLICITUD DE COLABORACION PARA LA LOCALIZACION Y PARADERO DE LA MENOR SHEILA AYELEN BENITEZ, DE 16 A\u00d1OS DE EDAD"},"content":{"rendered":"\n<p>A ra\u00edz de una exposici\u00f3n policial, realizada ante la Comisaria Primera de la Mujer y el<br>Menor y con intervenci\u00f3n de la autoridad judicial correspondiente; por medio de esta<br>gacetilla se solicita la colaboraci\u00f3n para la localizaci\u00f3n y paradero de la menor SHEILA<br>AYELEN BENITEZ, de 16 a\u00f1os de edad.<br>La misma, se habr\u00eda ausentado de su hogar ubicado en el Barrio Seminario, de nuestra ciudad, el pasado<br>30-07-21 y hasta el momento de la confecci\u00f3n de esta gacetilla, no se tiene novedades sobre su actual paradero.<br>Sus caracter\u00edsticas f\u00edsicas son las siguientes: de 1,50 mts de estatura aproximadamente, contextura: alta,<br>robusta, ojos color marrones claros; cabellos largos, color negro. Al momento de su ausencia, vest\u00eda un short de<br>jeans; una remera, de color negra y calzaba una zapatilla, de color negra. Posee como se\u00f1a particular, un pircing en<br>el ombligo.<br>Es por ello, que independientemente de la labor de b\u00fasqueda que \u00e9sta realizando la Polic\u00eda, es que se<br>solicita la colaboraci\u00f3n a los distintos medios period\u00edsticos; a la poblaci\u00f3n en general y muy particularmente a<br>aquellas personas que puedan aportar datos ciertos y que ayuden a lograr encontrar a esta menor, podr\u00e1n hacerlo<br>ante la citada Comisar\u00eda 4-432913; a la Dependencia Policial m\u00e1s cercana a su domicilio y\/o comunicarse <\/p>\n\n\n\n<p>al n\u00famero telef\u00f3nico gratuito de emergencia policial: 911 en la Capital y 101 en el Interior Provincial.<\/p>\n\n\n\n<figure class=\"wp-block-image size-large\"><img loading=\"lazy\" decoding=\"async\" width=\"768\" height=\"1024\" src=\"https:\/\/corrientesdetarde.com\/wp-content\/uploads\/2023\/08\/SHEILA-AYELEN-BENITEZ-16-ANOS-SOL-DEL-02-08-23-1-768x1024.jpeg\" alt=\"\" class=\"wp-image-77787\" srcset=\"https:\/\/corrientesdetarde.com\/wp-content\/uploads\/2023\/08\/SHEILA-AYELEN-BENITEZ-16-ANOS-SOL-DEL-02-08-23-1-768x1024.jpeg 768w, https:\/\/corrientesdetarde.com\/wp-content\/uploads\/2023\/08\/SHEILA-AYELEN-BENITEZ-16-ANOS-SOL-DEL-02-08-23-1-225x300.jpeg 225w, https:\/\/corrientesdetarde.com\/wp-content\/uploads\/2023\/08\/SHEILA-AYELEN-BENITEZ-16-ANOS-SOL-DEL-02-08-23-1-1152x1536.jpeg 1152w, https:\/\/corrientesdetarde.com\/wp-content\/uploads\/2023\/08\/SHEILA-AYELEN-BENITEZ-16-ANOS-SOL-DEL-02-08-23-1.jpeg 1200w\" sizes=\"auto, (max-width: 768px) 100vw, 768px\" \/><\/figure>\n","protected":false},"excerpt":{"rendered":"<p>A ra\u00edz de una exposici\u00f3n policial, realizada ante la Comisaria Primera de la Mujer y elMenor y con intervenci\u00f3n de la autoridad judicial correspondiente; por medio de estagacetilla se solicita&hellip; <\/p>\n","protected":false},"author":8,"featured_media":77784,"comment_status":"closed","ping_status":"open","sticky":false,"template":"","format":"standard","meta":{"footnotes":""},"categories":[33,17],"tags":[],"class_list":["post-77783","post","type-post","status-publish","format-standard","has-post-thumbnail","hentry","category-policiales","category-sociales"],"_links":{"self":[{"href":"https:\/\/corrientesdetarde.com\/index.php\/wp-json\/wp\/v2\/posts\/77783","targetHints":{"allow":["GET"]}}],"collection":[{"href":"https:\/\/corrientesdetarde.com\/index.php\/wp-json\/wp\/v2\/posts"}],"about":[{"href":"https:\/\/corrientesdetarde.com\/index.php\/wp-json\/wp\/v2\/types\/post"}],"author":[{"embeddable":true,"href":"https:\/\/corrientesdetarde.com\/index.php\/wp-json\/wp\/v2\/users\/8"}],"replies":[{"embeddable":true,"href":"https:\/\/corrientesdetarde.com\/index.php\/wp-json\/wp\/v2\/comments?post=77783"}],"version-history":[{"count":3,"href":"https:\/\/corrientesdetarde.com\/index.php\/wp-json\/wp\/v2\/posts\/77783\/revisions"}],"predecessor-version":[{"id":77795,"href":"https:\/\/corrientesdetarde.com\/index.php\/wp-json\/wp\/v2\/posts\/77783\/revisions\/77795"}],"wp:featuredmedia":[{"embeddable":true,"href":"https:\/\/corrientesdetarde.com\/index.php\/wp-json\/wp\/v2\/media\/77784"}],"wp:attachment":[{"href":"https:\/\/corrientesdetarde.com\/index.php\/wp-json\/wp\/v2\/media?parent=77783"}],"wp:term":[{"taxonomy":"category","embeddable":true,"href":"https:\/\/corrientesdetarde.com\/index.php\/wp-json\/wp\/v2\/categories?post=77783"},{"taxonomy":"post_tag","embeddable":true,"href":"https:\/\/corrientesdetarde.com\/index.php\/wp-json\/wp\/v2\/tags?post=77783"}],"curies":[{"name":"wp","href":"https:\/\/api.w.org\/{rel}","templated":true}]}}