{"id":77789,"date":"2023-08-02T14:05:26","date_gmt":"2023-08-02T17:05:26","guid":{"rendered":"https:\/\/corrientesdetarde.com\/?p=77789"},"modified":"2023-08-02T14:05:37","modified_gmt":"2023-08-02T17:05:37","slug":"con-diferentes-actos-inician-las-actividades-por-el-52-aniversario-de-la-policia-de-corrientes","status":"publish","type":"post","link":"https:\/\/corrientesdetarde.com\/index.php\/policiales\/con-diferentes-actos-inician-las-actividades-por-el-52-aniversario-de-la-policia-de-corrientes\/","title":{"rendered":"Con diferentes actos inician las actividades por el 52\u00b0 Aniversario de la Polic\u00eda de Corrientes"},"content":{"rendered":"\n<p>Desde ma\u00f1ana Jueves 03-08-23, alrededor de las 09:00 horas, con la \u201cRecepci\u00f3n de la imagen de la<br>Virgen Mar\u00eda y Misa en acci\u00f3n de gracias, a llevarse a cabo en la Jefatura de Polic\u00eda, inicia las actividades<br>previstas por un nuevo aniversario de la Polic\u00eda de Corrientes, por lo que se invita al personal policial<br>superior y subalterno, en actividad y en situaci\u00f3n de retiro, a sus familias y al p\u00fablico en general a<br>participar de las distintas actividades.<\/p>\n\n\n\n<p>Programa de actividades determinados<\/p>\n\n\n\n<p>\uf0b7 Jueves 03 de Agosto<br>Hora 09:00<br>\u201cRecepci\u00f3n de la Virgen Mar\u00eda y Misa en acci\u00f3n de gracias por un nuevo aniversario de la Polic\u00eda de<br>Corrientes en Jefatura de Polic\u00eda\u201d.<br>\uf0b7 Viernes 04 de Agosto<br>Hora 09:00<br>Exposici\u00f3n de Stand Policial, en el patio central de Jefatura, por parte de diferentes \u00e1reas con la<br>invitaci\u00f3n de distintos establecimientos escolares en las cuales efectivos de la Direcci\u00f3n de Brigada<br>Territorial y Lucha Contra el Fuego, Drogas Peligrosas y Crimen Organizado, Seguridad Vial, Drones,<br>Polic\u00eda Rural P.R.I.A.R, y de la Divisi\u00f3n P.A.R., G.T.O. G.I.R., Infanter\u00eda, Sistema Integral 911, Escuela de<br>Cadetes, entre otros, quienes expondr\u00e1n sus equipamientos y explicar\u00e1n el funcionamiento.<br>\uf0b7 S\u00e1bado 05 de Agosto<br>Hora 10:00<br>Retreta de la Banda de M\u00fasica de la Polic\u00eda de Corrientes en \u201cPlaza Vera\u201d y distribuci\u00f3n de folleter\u00eda a<br>cargo de Cadetes de la Divisi\u00f3n Escuela de Polic\u00eda \u201cGral. Jos\u00e9 Francisco de San Mart\u00edn\u201d.<br>\uf0b7 Domingo 06 de agosto<br>Hora 15:00<br>Demostraci\u00f3n de destreza policial para el p\u00fablico en general, por parte de la Divisi\u00f3n Polic\u00eda de Alto<br>Riesgo P.A.R.; Divisi\u00f3n Infanter\u00eda; Divisi\u00f3n G.T.O., Divisi\u00f3n G.I.R.; Divisi\u00f3n Canes y del Grupo Especial<br>G.E.R.Y S. \u2013 Grupo Especial de Rescate y Salvamento, en la explanada del Puente Interprovincial<br>\u201cGeneral Belgrano\u201d.<br>\uf0b7 Lunes 07 de agosto<br>Hora 21:00<br>Velada de Aniversario en Circulo de Oficiales de la Polic\u00eda de Corrientes con la actuaci\u00f3n de la Banda de<br>M\u00fasica de la Polic\u00eda de la Provincia, grupo musical Sangre Azul y un grupo musical del medio.<br>\uf0b7 Martes 8 de Agosto:<br>Hora 08:30 \u201cActo en homenaje a personal superior y subalterno ca\u00eddos en cumplimiento del deber y<br>fallecidos\u201d<br>Hora 09:00<br>Acto de reconocimiento al personal policial destacado; Testimonios recordatorios a Polic\u00edas en situaci\u00f3n<br>de retiro.<br>\uf0b7 Mi\u00e9rcoles 09 de Agosto:<br>Hora 10:30:<br>Acto Central del \u201cDIA DE LA POLICIA\u201d y Desfile Policial en Costanera Sur \u201cJuan Pablo II\u201d<\/p>\n","protected":false},"excerpt":{"rendered":"<p>Desde ma\u00f1ana Jueves 03-08-23, alrededor de las 09:00 horas, con la \u201cRecepci\u00f3n de la imagen de laVirgen Mar\u00eda y Misa en acci\u00f3n de gracias, a llevarse a cabo en la&hellip; <\/p>\n","protected":false},"author":8,"featured_media":77790,"comment_status":"closed","ping_status":"open","sticky":false,"template":"","format":"standard","meta":{"footnotes":""},"categories":[33],"tags":[],"class_list":["post-77789","post","type-post","status-publish","format-standard","has-post-thumbnail","hentry","category-policiales"],"_links":{"self":[{"href":"https:\/\/corrientesdetarde.com\/index.php\/wp-json\/wp\/v2\/posts\/77789","targetHints":{"allow":["GET"]}}],"collection":[{"href":"https:\/\/corrientesdetarde.com\/index.php\/wp-json\/wp\/v2\/posts"}],"about":[{"href":"https:\/\/corrientesdetarde.com\/index.php\/wp-json\/wp\/v2\/types\/post"}],"author":[{"embeddable":true,"href":"https:\/\/corrientesdetarde.com\/index.php\/wp-json\/wp\/v2\/users\/8"}],"replies":[{"embeddable":true,"href":"https:\/\/corrientesdetarde.com\/index.php\/wp-json\/wp\/v2\/comments?post=77789"}],"version-history":[{"count":1,"href":"https:\/\/corrientesdetarde.com\/index.php\/wp-json\/wp\/v2\/posts\/77789\/revisions"}],"predecessor-version":[{"id":77791,"href":"https:\/\/corrientesdetarde.com\/index.php\/wp-json\/wp\/v2\/posts\/77789\/revisions\/77791"}],"wp:featuredmedia":[{"embeddable":true,"href":"https:\/\/corrientesdetarde.com\/index.php\/wp-json\/wp\/v2\/media\/77790"}],"wp:attachment":[{"href":"https:\/\/corrientesdetarde.com\/index.php\/wp-json\/wp\/v2\/media?parent=77789"}],"wp:term":[{"taxonomy":"category","embeddable":true,"href":"https:\/\/corrientesdetarde.com\/index.php\/wp-json\/wp\/v2\/categories?post=77789"},{"taxonomy":"post_tag","embeddable":true,"href":"https:\/\/corrientesdetarde.com\/index.php\/wp-json\/wp\/v2\/tags?post=77789"}],"curies":[{"name":"wp","href":"https:\/\/api.w.org\/{rel}","templated":true}]}}