{"id":77792,"date":"2023-08-02T14:16:19","date_gmt":"2023-08-02T17:16:19","guid":{"rendered":"https:\/\/corrientesdetarde.com\/?p=77792"},"modified":"2023-08-02T14:16:31","modified_gmt":"2023-08-02T17:16:31","slug":"la-impactante-frase-del-medico-de-argentinos-sobre-la-lesion-de-luciano-sanchez","status":"publish","type":"post","link":"https:\/\/corrientesdetarde.com\/index.php\/deportes\/la-impactante-frase-del-medico-de-argentinos-sobre-la-lesion-de-luciano-sanchez\/","title":{"rendered":"La impactante frase del m\u00e9dico de Argentinos sobre la lesi\u00f3n de Luciano S\u00e1nchez"},"content":{"rendered":"\n<p>Uno de los directivos de Argentinos adelant\u00f3 que la recuperaci\u00f3n de S\u00e1nchez demandar\u00e1 entre 10 y 12 meses.<\/p>\n\n\n\n<p>El secretario general de&nbsp;<strong>Argentinos Juniors<\/strong>, el doctor&nbsp;<strong>Alejandro Roncoroni,<\/strong>&nbsp;asegur\u00f3 este mi\u00e9rcoles que nunca vio nada igual en relaci\u00f3n a la luxaci\u00f3n completa de rodilla izquierda sufrida por el defensor&nbsp;<strong>Luciano S\u00e1nchez<\/strong>&nbsp;en el partido de anoche contra Fluminense, en la ida de los octavos de la&nbsp;<strong>Copa Libertadores.<\/strong><\/p>\n\n\n\n<p>&#8220;En 23 a\u00f1os c\u00f3mo m\u00e9dico nunca vi una lesi\u00f3n as\u00ed, Villani (doctor de la AFA) en 40 a\u00f1os me dijo lo mismo. Es casi una separaci\u00f3n del f\u00e9mur y el peron\u00e9.&nbsp;Hay rotura de cruzado anterior, posterior y hay que ver c\u00f3mo est\u00e1n lo meniscos&#8221;, asegur\u00f3 el m\u00e9dico en di\u00e1logo con&nbsp;<em>Directv Sports<\/em>.<\/p>\n\n\n\n<p>&#8220;Hay que hacer una reconstrucci\u00f3n.\u00a0La recuperaci\u00f3n es de entre 10 y 12 meses&#8221;, detall\u00f3 el profesional\u00a0de la salud y directivo del &#8220;Bicho&#8221;.<\/p>\n\n\n\n<figure class=\"wp-block-embed is-type-rich is-provider-twitter wp-block-embed-twitter\"><div class=\"wp-block-embed__wrapper\">\n<blockquote class=\"twitter-tweet\" data-width=\"550\" data-dnt=\"true\"><p lang=\"es\" dir=\"ltr\">Dur\u00edsima imagen en La Paternal: Luciano S\u00e1nchez sufri\u00f3 una lesi\u00f3n y Marcelo no pod\u00eda creerlo. El jugador de Fluminense y leyenda del f\u00fatbol, al borde de las l\u00e1grimas. <br><br>\ud83d\udcfa Mir\u00e1 la CONMEBOL <a href=\"https:\/\/twitter.com\/hashtag\/Libertadores?src=hash&amp;ref_src=twsrc%5Etfw\">#Libertadores<\/a> por <a href=\"https:\/\/twitter.com\/hashtag\/StarPlusLA?src=hash&amp;ref_src=twsrc%5Etfw\">#StarPlusLA<\/a> <a href=\"https:\/\/t.co\/xGT4vuek2S\">pic.twitter.com\/xGT4vuek2S<\/a><\/p>&mdash; SportsCenter (@SC_ESPN) <a href=\"https:\/\/twitter.com\/SC_ESPN\/status\/1686516473097830401?ref_src=twsrc%5Etfw\">August 1, 2023<\/a><\/blockquote><script async src=\"https:\/\/platform.twitter.com\/widgets.js\" charset=\"utf-8\"><\/script>\n<\/div><\/figure>\n\n\n\n<p>La jugada se dio a los 10 minutos del segundo tiempo cuando el experimentado&nbsp;<strong>Marcelo<\/strong>, de Fluminense, gir\u00f3 con la pelota y S\u00e1nchez se la rob\u00f3, con tanta mala suerte que el ex Real Madrid no lleg\u00f3 a sacar la pierna y autom\u00e1ticamente se produjo la lesi\u00f3n. En el mismo momento se produjo un silencio sepulcral en el Diego Armando Maradona y el propio Marcelo se larg\u00f3 a llorar antes de ver la tarjeta roja, marcadamente conmovido por la fractura producida.<\/p>\n\n\n\n<p>De hecho,&nbsp;el lateral brasile\u00f1o se fue sin hacer declaraciones, con l\u00e1grimas en los ojos y posteriormente pidi\u00f3 perd\u00f3n en sus redes sociales.<\/p>\n\n\n\n<p>&#8220;No me queda claro si es por la patada de Marcelo. No me surge ni me sale hacerlo cargo, como s\u00ed en su momento ocurri\u00f3 de\u00a0<strong>Carlos Tevez\u00a0<\/strong>con\u00a0<strong>Ezequiel Ham<\/strong>.\u00a0Me pidi\u00f3 el n\u00famero de S\u00e1nchez para poder llamarlo. Se retir\u00f3 solo del estadio incluso antes de terminar el partido&#8221;, dijo Roncoroni.<\/p>\n\n\n\n<figure class=\"wp-block-embed is-type-rich is-provider-twitter wp-block-embed-twitter\"><div class=\"wp-block-embed__wrapper\">\n<blockquote class=\"twitter-tweet\" data-width=\"550\" data-dnt=\"true\"><p lang=\"es\" dir=\"ltr\">Hoy me ha tocado vivir un momento muy dif\u00edcil dentro del campo. Sin querer he lesionado a un compa\u00f1ero de profesi\u00f3n. Quiero desearte la mejor recuperaci\u00f3n posible, Luciano S\u00e1nchez. Toda la fuerza del mundo! \ud83d\udc9c\ud83d\ude4f\ud83c\udffe<a href=\"https:\/\/twitter.com\/hashtag\/M12?src=hash&amp;ref_src=twsrc%5Etfw\">#M12<\/a> <a href=\"https:\/\/t.co\/vaG04hvioW\">pic.twitter.com\/vaG04hvioW<\/a><\/p>&mdash; Marcelotwelve (@MarceloM12) <a href=\"https:\/\/twitter.com\/MarceloM12\/status\/1686545090209083392?ref_src=twsrc%5Etfw\">August 2, 2023<\/a><\/blockquote><script async src=\"https:\/\/platform.twitter.com\/widgets.js\" charset=\"utf-8\"><\/script>\n<\/div><\/figure>\n","protected":false},"excerpt":{"rendered":"<p>Uno de los directivos de Argentinos adelant\u00f3 que la recuperaci\u00f3n de S\u00e1nchez demandar\u00e1 entre 10 y 12 meses. El secretario general de&nbsp;Argentinos Juniors, el doctor&nbsp;Alejandro Roncoroni,&nbsp;asegur\u00f3 este mi\u00e9rcoles que nunca&hellip; <\/p>\n","protected":false},"author":8,"featured_media":77793,"comment_status":"closed","ping_status":"open","sticky":false,"template":"","format":"standard","meta":{"footnotes":""},"categories":[4],"tags":[],"class_list":["post-77792","post","type-post","status-publish","format-standard","has-post-thumbnail","hentry","category-deportes"],"_links":{"self":[{"href":"https:\/\/corrientesdetarde.com\/index.php\/wp-json\/wp\/v2\/posts\/77792","targetHints":{"allow":["GET"]}}],"collection":[{"href":"https:\/\/corrientesdetarde.com\/index.php\/wp-json\/wp\/v2\/posts"}],"about":[{"href":"https:\/\/corrientesdetarde.com\/index.php\/wp-json\/wp\/v2\/types\/post"}],"author":[{"embeddable":true,"href":"https:\/\/corrientesdetarde.com\/index.php\/wp-json\/wp\/v2\/users\/8"}],"replies":[{"embeddable":true,"href":"https:\/\/corrientesdetarde.com\/index.php\/wp-json\/wp\/v2\/comments?post=77792"}],"version-history":[{"count":1,"href":"https:\/\/corrientesdetarde.com\/index.php\/wp-json\/wp\/v2\/posts\/77792\/revisions"}],"predecessor-version":[{"id":77794,"href":"https:\/\/corrientesdetarde.com\/index.php\/wp-json\/wp\/v2\/posts\/77792\/revisions\/77794"}],"wp:featuredmedia":[{"embeddable":true,"href":"https:\/\/corrientesdetarde.com\/index.php\/wp-json\/wp\/v2\/media\/77793"}],"wp:attachment":[{"href":"https:\/\/corrientesdetarde.com\/index.php\/wp-json\/wp\/v2\/media?parent=77792"}],"wp:term":[{"taxonomy":"category","embeddable":true,"href":"https:\/\/corrientesdetarde.com\/index.php\/wp-json\/wp\/v2\/categories?post=77792"},{"taxonomy":"post_tag","embeddable":true,"href":"https:\/\/corrientesdetarde.com\/index.php\/wp-json\/wp\/v2\/tags?post=77792"}],"curies":[{"name":"wp","href":"https:\/\/api.w.org\/{rel}","templated":true}]}}