{"id":77796,"date":"2023-08-02T14:41:53","date_gmt":"2023-08-02T17:41:53","guid":{"rendered":"https:\/\/corrientesdetarde.com\/?p=77796"},"modified":"2023-08-02T16:39:34","modified_gmt":"2023-08-02T19:39:34","slug":"braillard-poccard-recibio-a-pallarols-en-la-legislatura-provincial","status":"publish","type":"post","link":"https:\/\/corrientesdetarde.com\/index.php\/locales\/braillard-poccard-recibio-a-pallarols-en-la-legislatura-provincial\/","title":{"rendered":"Braillard Poccard recibi\u00f3 a Pallarols en la Legislatura provincial"},"content":{"rendered":"\n<p>El vicegobernador Pedro Braillard Poccard recibi\u00f3 este mi\u00e9rcoles al orfebre Juan Carlos Pallarols, en el marco de un saludo protocolar que tuvo lugar en el Sal\u00f3n de Acuerdos del Palacio Legislativo.<\/p>\n\n\n\n<p>En el encuentro Pallarols coment\u00f3 que por primera vez la madera del s\u00edmbolo de mando del pr\u00f3ximo Presidente electo de la Rep\u00fablica Argentina ser\u00e1 proveniente de un \u00e1rbol de la provincia de Corrientes. Para esto elige la madera del Urunday como material principal del bast\u00f3n \u201cporque se trata de una madera que se usa para trabajar y se mantiene siempre recta, no se tuerce; brilla por s\u00ed sola, no hace falta darle laca ni barniz\u201d explic\u00f3 el orfebre de prestigio internacional.<\/p>\n\n\n\n<figure class=\"wp-block-embed is-type-video is-provider-youtube wp-block-embed-youtube wp-embed-aspect-16-9 wp-has-aspect-ratio\"><div class=\"wp-block-embed__wrapper\">\n<iframe loading=\"lazy\" title=\"Visita del Orfebre Juan Carlos Pallarols\" width=\"1110\" height=\"624\" src=\"https:\/\/www.youtube.com\/embed\/QVYhOugbUV4?feature=oembed\" frameborder=\"0\" allow=\"accelerometer; autoplay; clipboard-write; encrypted-media; gyroscope; picture-in-picture; web-share\" allowfullscreen><\/iframe>\n<\/div><\/figure>\n\n\n\n<p>Para esto Pallarols recibi\u00f3 por parte del decano de la Facultad de Ciencias Agrarias de la UNNE, Mario Urbani y profesionales de la Facultad, dos listones de madera de urunday obtenidas de un \u00e1rbol que creci\u00f3 en el parque de esa unidad acad\u00e9mica.<\/p>\n\n\n\n<figure class=\"wp-block-image size-large\"><img loading=\"lazy\" decoding=\"async\" width=\"1024\" height=\"683\" src=\"https:\/\/corrientesdetarde.com\/wp-content\/uploads\/2023\/08\/WhatsApp-Image-2023-08-02-at-14.38.10-1024x683.jpg\" alt=\"\" class=\"wp-image-77797\" srcset=\"https:\/\/corrientesdetarde.com\/wp-content\/uploads\/2023\/08\/WhatsApp-Image-2023-08-02-at-14.38.10-1024x683.jpg 1024w, https:\/\/corrientesdetarde.com\/wp-content\/uploads\/2023\/08\/WhatsApp-Image-2023-08-02-at-14.38.10-300x200.jpg 300w, https:\/\/corrientesdetarde.com\/wp-content\/uploads\/2023\/08\/WhatsApp-Image-2023-08-02-at-14.38.10-768x512.jpg 768w, https:\/\/corrientesdetarde.com\/wp-content\/uploads\/2023\/08\/WhatsApp-Image-2023-08-02-at-14.38.10-1536x1024.jpg 1536w, https:\/\/corrientesdetarde.com\/wp-content\/uploads\/2023\/08\/WhatsApp-Image-2023-08-02-at-14.38.10.jpg 1599w\" sizes=\"auto, (max-width: 1024px) 100vw, 1024px\" \/><\/figure>\n","protected":false},"excerpt":{"rendered":"<p>El vicegobernador Pedro Braillard Poccard recibi\u00f3 este mi\u00e9rcoles al orfebre Juan Carlos Pallarols, en el marco de un saludo protocolar que tuvo lugar en el Sal\u00f3n de Acuerdos del Palacio&hellip; <\/p>\n","protected":false},"author":1,"featured_media":77798,"comment_status":"closed","ping_status":"open","sticky":false,"template":"","format":"standard","meta":{"footnotes":""},"categories":[8],"tags":[],"class_list":["post-77796","post","type-post","status-publish","format-standard","has-post-thumbnail","hentry","category-locales"],"_links":{"self":[{"href":"https:\/\/corrientesdetarde.com\/index.php\/wp-json\/wp\/v2\/posts\/77796","targetHints":{"allow":["GET"]}}],"collection":[{"href":"https:\/\/corrientesdetarde.com\/index.php\/wp-json\/wp\/v2\/posts"}],"about":[{"href":"https:\/\/corrientesdetarde.com\/index.php\/wp-json\/wp\/v2\/types\/post"}],"author":[{"embeddable":true,"href":"https:\/\/corrientesdetarde.com\/index.php\/wp-json\/wp\/v2\/users\/1"}],"replies":[{"embeddable":true,"href":"https:\/\/corrientesdetarde.com\/index.php\/wp-json\/wp\/v2\/comments?post=77796"}],"version-history":[{"count":2,"href":"https:\/\/corrientesdetarde.com\/index.php\/wp-json\/wp\/v2\/posts\/77796\/revisions"}],"predecessor-version":[{"id":77854,"href":"https:\/\/corrientesdetarde.com\/index.php\/wp-json\/wp\/v2\/posts\/77796\/revisions\/77854"}],"wp:featuredmedia":[{"embeddable":true,"href":"https:\/\/corrientesdetarde.com\/index.php\/wp-json\/wp\/v2\/media\/77798"}],"wp:attachment":[{"href":"https:\/\/corrientesdetarde.com\/index.php\/wp-json\/wp\/v2\/media?parent=77796"}],"wp:term":[{"taxonomy":"category","embeddable":true,"href":"https:\/\/corrientesdetarde.com\/index.php\/wp-json\/wp\/v2\/categories?post=77796"},{"taxonomy":"post_tag","embeddable":true,"href":"https:\/\/corrientesdetarde.com\/index.php\/wp-json\/wp\/v2\/tags?post=77796"}],"curies":[{"name":"wp","href":"https:\/\/api.w.org\/{rel}","templated":true}]}}