{"id":77800,"date":"2023-08-02T15:04:31","date_gmt":"2023-08-02T18:04:31","guid":{"rendered":"https:\/\/corrientesdetarde.com\/?p=77800"},"modified":"2023-08-02T15:04:36","modified_gmt":"2023-08-02T18:04:36","slug":"pese-a-la-crisis-economica-mejoran-las-expectativas-de-los-productores-de-cara-a-las-elecciones","status":"publish","type":"post","link":"https:\/\/corrientesdetarde.com\/index.php\/economia\/pese-a-la-crisis-economica-mejoran-las-expectativas-de-los-productores-de-cara-a-las-elecciones\/","title":{"rendered":"Pese a la crisis econ\u00f3mica, mejoran las expectativas de los productores de cara a las elecciones"},"content":{"rendered":"\n<p>Un relevamiento realizado por CREA mostr\u00f3 que el malestar con el presente est\u00e1 en niveles r\u00e9cord, pero se nota un repunte de los productores con vistas al pr\u00f3ximo a\u00f1o.<\/p>\n\n\n\n<p>\u201cSi bien los empresarios agropecuarios contin\u00faan en su mayor parte atravesando momentos dif\u00edciles,&nbsp;<strong>conf\u00edan en un cambio de escenario para el a\u00f1o pr\u00f3ximo\u201d,&nbsp;<\/strong>se\u00f1al\u00f3 una encuesta realizada por el&nbsp;<strong>Movimiento CREA (Consorcios Regionales de Experimentaci\u00f3n Agt\u00edcola)&nbsp;<\/strong>de cara a las elecciones presidenciales de este a\u00f1o.<\/p>\n\n\n\n<p>El relevamiento, del cual participaron<strong>\u00a01455 empresarios agropecuarios y 207 asesores CREA\u00a0<\/strong>de las diferentes regiones productivas, detalla que\u00a0<strong>la mala percepci\u00f3n acerca de la situaci\u00f3n de la econom\u00eda nacional contin\u00faa en valores m\u00e1ximos hist\u00f3ricos<\/strong>, con un 91% de las respuestas en ese sentido. Aunque se observa una mejora relativa de las expectativas, seg\u00fan lo plasmado por el 38% de los consultados.<\/p>\n\n\n\n<p>En lo que respecta a la situaci\u00f3n econ\u00f3mica y financiera de las empresas,&nbsp;<strong>un 65% consider\u00f3 que se encuentra peor respecto de un a\u00f1o atr\u00e1s<\/strong>, aunque las expectativas de una recomposici\u00f3n en el 2024 tambi\u00e9n mejoran en este caso.<\/p>\n\n\n\n<p>Sin embargo,&nbsp;<strong>prevalece la cautela ante la incertidumbre clim\u00e1tica y macroecon\u00f3mica:<\/strong>&nbsp;un 52% de los empresarios CREA consultados manifest\u00f3 que es un mal momento para realizar inversiones, mientras que apenas un 21% considera que el momento es el adecuado.<\/p>\n\n\n\n<figure class=\"wp-block-image\"><img decoding=\"async\" src=\"https:\/\/tn.com.ar\/resizer\/wWHdcAwAZr5qVLo-O8LSN9L3Gq0=\/767x0\/smart\/filters:format(webp)\/cloudfront-us-east-1.images.arcpublishing.com\/artear\/2QNDN5IPQBBMNBULBN2ARP4UMU.jpg\" alt=\"Pese a la crisis econ\u00f3mica, mejoran las expectativas de los productores de cara a las elecciones\"\/><\/figure>\n\n\n\n<h2 class=\"wp-block-heading\">El impacto de la sequ\u00eda y la ayuda del Gobierno<\/h2>\n\n\n\n<p>Un\u00a0<strong>43% de los empresarios CREA agr\u00edcolas consultados se\u00f1al\u00f3 que debi\u00f3 refinanciar deuda\u00a0<\/strong>tomada para solventar el capital de trabajo empleado en el ciclo 2022\/23. El nivel promedio refinanciado se ubic\u00f3 en torno al 16% del capital. En ambos casos se trata de las cifras m\u00e1s elevadas de la serie hist\u00f3rica. Los mayores problemas se registran en las regiones CREA Norte de Santa Fe, Norte de Buenos Aires, Santa Fe Centro y C\u00f3rdoba Norte.<\/p>\n\n\n\n<p>Un dato interesante es que&nbsp;<strong>36% de los consultados no pudo determinar si contaba con saldos t\u00e9cnicos de IVA<\/strong>, mientras que el 28% de los que pudieron identificar esa situaci\u00f3n registran un saldo t\u00e9cnico promedio de $3836 por hect\u00e1rea.<\/p>\n\n\n\n<figure class=\"wp-block-image\"><img decoding=\"async\" src=\"https:\/\/tn.com.ar\/resizer\/IUmJ6KenTdLWz4NISZyOZnXwrEk=\/767x0\/smart\/filters:format(webp)\/cloudfront-us-east-1.images.arcpublishing.com\/artear\/XAXWGRLZVZHIBLP7SGYOMQPWEA.jpg\" alt=\"Pese a la crisis econ\u00f3mica, mejoran las expectativas de los productores de cara a las elecciones\"\/><\/figure>\n\n\n\n<p>\u201cEl problema de los saldos t\u00e9cnicos de IVA, adem\u00e1s de potenciarse en escenarios de aceleraci\u00f3n inflacionaria, es que&nbsp;<strong>son regresivos porque perjudican a quienes realizaron una mayor inversi\u00f3n tecnol\u00f3gica<\/strong>&nbsp;(especialmente en el caso del ma\u00edz), a los que se encuentran en zonas m\u00e1s alejadas de los puertos y a quienes resultaron m\u00e1s afectados por el desastre clim\u00e1tico\u201d, explicaron desde CREA.<\/p>\n\n\n\n<figure class=\"wp-block-image\"><img decoding=\"async\" src=\"https:\/\/tn.com.ar\/resizer\/dje8zfPRiZOK2mPVOjQ76ivy0Y4=\/767x0\/smart\/filters:format(webp)\/cloudfront-us-east-1.images.arcpublishing.com\/artear\/63LS64VNBZC7BPD5IFAOSV6VKE.jpg\" alt=\"Pese a la crisis econ\u00f3mica, mejoran las expectativas de los productores de cara a las elecciones\"\/><\/figure>\n\n\n\n<p>Y luego agregaron: \u201cLa aplicaci\u00f3n de la tasa reducida de IVA del 10,5% en la mayor\u00eda de las ventas de bienes agr\u00edcolas y la generaci\u00f3n de cr\u00e9ditos fiscales por compras de bienes y servicios<strong>&nbsp;genera en la mayor parte de los casos saldos t\u00e9cnicos a favor de muy dif\u00edcil recuperaci\u00f3n.<\/strong>&nbsp;Eso porque el empresario agr\u00edcola paga 24% de IVA cuando contrata un seguro agr\u00edcola y 21% cuando adquiere fitosanitarios, semillas y silobolsas, as\u00ed como tambi\u00e9n cuando contrata servicios de acondicionamiento de granos, fletes, asesoramiento e intereses de deuda, entre otros\u201d.<\/p>\n\n\n\n<figure class=\"wp-block-image\"><img decoding=\"async\" src=\"https:\/\/tn.com.ar\/resizer\/F0--2GqxmL_00liFJqudTfaQYDI=\/767x0\/smart\/filters:format(webp)\/cloudfront-us-east-1.images.arcpublishing.com\/artear\/H6BOS7BNH5CNTPBWEEFQVEJSJE.jpg\" alt=\"Pese a la crisis econ\u00f3mica, mejoran las expectativas de los productores de cara a las elecciones\"\/><\/figure>\n\n\n\n<p>Para la pr\u00f3xima campa\u00f1a gruesa, si bien&nbsp;<strong>en promedio el porcentaje del capital operativo por financiar se ubica en la media hist\u00f3rica<\/strong>, en algunas regiones, afectadas mayormente por las inclemencias clim\u00e1ticas, m\u00e1s del 60% de las empresas deben financiar m\u00e1s de un 40% de los costos de implantaci\u00f3n.<\/p>\n","protected":false},"excerpt":{"rendered":"<p>Un relevamiento realizado por CREA mostr\u00f3 que el malestar con el presente est\u00e1 en niveles r\u00e9cord, pero se nota un repunte de los productores con vistas al pr\u00f3ximo a\u00f1o. \u201cSi&hellip; <\/p>\n","protected":false},"author":8,"featured_media":77801,"comment_status":"closed","ping_status":"open","sticky":false,"template":"","format":"standard","meta":{"footnotes":""},"categories":[20],"tags":[],"class_list":["post-77800","post","type-post","status-publish","format-standard","has-post-thumbnail","hentry","category-economia"],"_links":{"self":[{"href":"https:\/\/corrientesdetarde.com\/index.php\/wp-json\/wp\/v2\/posts\/77800","targetHints":{"allow":["GET"]}}],"collection":[{"href":"https:\/\/corrientesdetarde.com\/index.php\/wp-json\/wp\/v2\/posts"}],"about":[{"href":"https:\/\/corrientesdetarde.com\/index.php\/wp-json\/wp\/v2\/types\/post"}],"author":[{"embeddable":true,"href":"https:\/\/corrientesdetarde.com\/index.php\/wp-json\/wp\/v2\/users\/8"}],"replies":[{"embeddable":true,"href":"https:\/\/corrientesdetarde.com\/index.php\/wp-json\/wp\/v2\/comments?post=77800"}],"version-history":[{"count":1,"href":"https:\/\/corrientesdetarde.com\/index.php\/wp-json\/wp\/v2\/posts\/77800\/revisions"}],"predecessor-version":[{"id":77802,"href":"https:\/\/corrientesdetarde.com\/index.php\/wp-json\/wp\/v2\/posts\/77800\/revisions\/77802"}],"wp:featuredmedia":[{"embeddable":true,"href":"https:\/\/corrientesdetarde.com\/index.php\/wp-json\/wp\/v2\/media\/77801"}],"wp:attachment":[{"href":"https:\/\/corrientesdetarde.com\/index.php\/wp-json\/wp\/v2\/media?parent=77800"}],"wp:term":[{"taxonomy":"category","embeddable":true,"href":"https:\/\/corrientesdetarde.com\/index.php\/wp-json\/wp\/v2\/categories?post=77800"},{"taxonomy":"post_tag","embeddable":true,"href":"https:\/\/corrientesdetarde.com\/index.php\/wp-json\/wp\/v2\/tags?post=77800"}],"curies":[{"name":"wp","href":"https:\/\/api.w.org\/{rel}","templated":true}]}}