{"id":77803,"date":"2023-08-02T15:10:34","date_gmt":"2023-08-02T18:10:34","guid":{"rendered":"https:\/\/corrientesdetarde.com\/?p=77803"},"modified":"2023-08-02T15:10:46","modified_gmt":"2023-08-02T18:10:46","slug":"hackeo-al-pami-no-funciona-la-pagina-ni-la-app-de-la-obra-social","status":"publish","type":"post","link":"https:\/\/corrientesdetarde.com\/index.php\/tecnologia\/hackeo-al-pami-no-funciona-la-pagina-ni-la-app-de-la-obra-social\/","title":{"rendered":"Hackeo al PAMI: no funciona la p\u00e1gina ni la app de la obra social"},"content":{"rendered":"\n<p>Desde la noche del martes no se puede acceder a la p\u00e1gina web ni operar a trav\u00e9s de la aplicaci\u00f3n oficial. El ataque afect\u00f3 tambi\u00e9n al vademecum y la trazabilidad de medicamentos del ANMAT.<\/p>\n\n\n\n<p>Las quejas se multiplicaron en las redes sociales cuando\u00a0los usuarios de PAMI denunciaban que no pod\u00edan operar \u00a0a trav\u00e9s de ninguna de las plataformas online de la obra social. A partir de la noche del 1 de agosto los servidores se cayeron y no volvieron a estar activos.<\/p>\n\n\n\n<p>En un comunicado oficial, PAMI inform\u00f3 que los sistemas sufrieron un ciberataque a afect\u00f3 temporalmente el servicio. \u201cEl ataque ha sido mitigado y toda la informaci\u00f3n de nuestros servidores se halla resguardada y protegida\u201d, asegura el texto.<\/p>\n\n\n\n<figure class=\"wp-block-image\"><img decoding=\"async\" src=\"https:\/\/tn.com.ar\/resizer\/Y0WXL9ZTTWFN69WXaUldrVKMXXw=\/767x0\/smart\/filters:format(webp)\/cloudfront-us-east-1.images.arcpublishing.com\/artear\/7UTPDDPDKFEX7EQZ3QM7ATUWI4.jpg\" alt=\"Hackeo al PAMI: no funciona la p\u00e1gina ni la app de la obra social\"\/><\/figure>\n\n\n\n<p>El organismo aclar\u00f3 que los sistemas siguen suspendidos como parte del plan de contigencia y ser\u00e1n dados de alta progresivamente.<\/p>\n\n\n\n<h2 class=\"wp-block-heading\">Qu\u00e9 pasa con los turnos y las recetas del PAMI<\/h2>\n\n\n\n<p>En el comunicado oficial, PAMI inform\u00f3 lo siguiente:<\/p>\n\n\n\n<ul class=\"wp-block-list\"><li><strong>Turnos programados con m\u00e9dicos de cabecera y especialistas<\/strong><\/li><\/ul>\n\n\n\n<p>Informamos a todos los m\u00e9dicos de cabecera, cl\u00ednicas, sanatorios y hospitales del pa\u00eds que los turnos ya programados a la fecha deben ser atendidos con normalidad y se permitir\u00e1 la transmisi\u00f3n cuando el sistema sea restablecido. Las consultas ser\u00e1n validadas aunque no se hayan transmitido en tiempo real.<\/p>\n\n\n\n<ul class=\"wp-block-list\"><li><strong>Medicamentos<\/strong><\/li><\/ul>\n\n\n\n<p>Toda receta prescripta con anterioridad podr\u00e1 ser dispensada normalmente en las farmacias de la RED PAMI. Las recetas requeridas en esta jornada deber\u00e1n ser emitidas una vez que el servicio haya sido restablecido y enviadas oportunamente al afiliado.<\/p>\n\n\n\n<ul class=\"wp-block-list\"><li><strong>Facturaci\u00f3n<\/strong><\/li><\/ul>\n\n\n\n<p>La presentaci\u00f3n de facturas y transmisi\u00f3n de datos que corresponden al d\u00eda de hoy ser\u00e1n prorrogados para poder ser presentados oportunamente una vez restablecido el sistema.<\/p>\n\n\n\n<p>Frente alguna situaci\u00f3n que requiera atenci\u00f3n las afiliadas y los afiliados pueden comunicarse al&nbsp;<strong>138 PAMI Escucha y Responde.<\/strong><\/p>\n\n\n\n<h2 class=\"wp-block-heading\">El ataque a PAMI tambi\u00e9n perjudic\u00f3 al ANMAT<\/h2>\n\n\n\n<p>La Administraci\u00f3n Nacional de Medicamentos, Alimentos y Tecnolog\u00eda M\u00e9dica (ANMAT) inform\u00f3 que por razones ajenas al organismo, se vieron afectadas las plataformas del Vadem\u00e9cum Nacional de Medicamentos (VNM) y del Sistema Nacional de Trazabilidad. No est\u00e1n funcionando ninguna de las dos y se deduce que es por el hackeo al PAMI.<\/p>\n\n\n\n<h2 class=\"wp-block-heading\">Qu\u00e9 tipo de ataque sufri\u00f3 PAMI<\/h2>\n\n\n\n<p>Sin precisiones del organismo, las sospechas por estas horas giran en torno a un virus que cifra la informaci\u00f3n, conocido como&nbsp;<strong>ransomware<\/strong>. Existen distintas variedades y grupos que operan con sus malware espec\u00edficos pero el denominador com\u00fan es la capacidad de volver ilegibles a los archivos y pedir un rescate para dar la clave que los vuelva a su estado original. Algunos grupos de ciberdelincuentes llegan a amenazar con la publicaci\u00f3n de los datos si no se recibe el pago en criptomonedas que piden al infectar una red.<\/p>\n","protected":false},"excerpt":{"rendered":"<p>Desde la noche del martes no se puede acceder a la p\u00e1gina web ni operar a trav\u00e9s de la aplicaci\u00f3n oficial. El ataque afect\u00f3 tambi\u00e9n al vademecum y la trazabilidad&hellip; <\/p>\n","protected":false},"author":8,"featured_media":77804,"comment_status":"closed","ping_status":"open","sticky":false,"template":"","format":"standard","meta":{"footnotes":""},"categories":[24],"tags":[],"class_list":["post-77803","post","type-post","status-publish","format-standard","has-post-thumbnail","hentry","category-tecnologia"],"_links":{"self":[{"href":"https:\/\/corrientesdetarde.com\/index.php\/wp-json\/wp\/v2\/posts\/77803","targetHints":{"allow":["GET"]}}],"collection":[{"href":"https:\/\/corrientesdetarde.com\/index.php\/wp-json\/wp\/v2\/posts"}],"about":[{"href":"https:\/\/corrientesdetarde.com\/index.php\/wp-json\/wp\/v2\/types\/post"}],"author":[{"embeddable":true,"href":"https:\/\/corrientesdetarde.com\/index.php\/wp-json\/wp\/v2\/users\/8"}],"replies":[{"embeddable":true,"href":"https:\/\/corrientesdetarde.com\/index.php\/wp-json\/wp\/v2\/comments?post=77803"}],"version-history":[{"count":1,"href":"https:\/\/corrientesdetarde.com\/index.php\/wp-json\/wp\/v2\/posts\/77803\/revisions"}],"predecessor-version":[{"id":77805,"href":"https:\/\/corrientesdetarde.com\/index.php\/wp-json\/wp\/v2\/posts\/77803\/revisions\/77805"}],"wp:featuredmedia":[{"embeddable":true,"href":"https:\/\/corrientesdetarde.com\/index.php\/wp-json\/wp\/v2\/media\/77804"}],"wp:attachment":[{"href":"https:\/\/corrientesdetarde.com\/index.php\/wp-json\/wp\/v2\/media?parent=77803"}],"wp:term":[{"taxonomy":"category","embeddable":true,"href":"https:\/\/corrientesdetarde.com\/index.php\/wp-json\/wp\/v2\/categories?post=77803"},{"taxonomy":"post_tag","embeddable":true,"href":"https:\/\/corrientesdetarde.com\/index.php\/wp-json\/wp\/v2\/tags?post=77803"}],"curies":[{"name":"wp","href":"https:\/\/api.w.org\/{rel}","templated":true}]}}