{"id":77806,"date":"2023-08-02T15:20:08","date_gmt":"2023-08-02T18:20:08","guid":{"rendered":"https:\/\/corrientesdetarde.com\/?p=77806"},"modified":"2023-08-02T15:20:41","modified_gmt":"2023-08-02T18:20:41","slug":"el-ala-dura-del-pro-minimizo-el-impacto-electoral-de-las-nuevas-alianzas-de-larreta-y-critico-a-vidal","status":"publish","type":"post","link":"https:\/\/corrientesdetarde.com\/index.php\/politica\/el-ala-dura-del-pro-minimizo-el-impacto-electoral-de-las-nuevas-alianzas-de-larreta-y-critico-a-vidal\/","title":{"rendered":"El ala dura del PRO minimiz\u00f3 el impacto electoral de las nuevas alianzas de Larreta y critic\u00f3 a Vidal"},"content":{"rendered":"\n<p>Dirigentes ligados a Bullrich manifestaron que ni la exgobernadora bonaerense ni Manes le aportar\u00e1n votos al jefe de Gobierno porte\u00f1o. \u201cEl realineamiento es un mensaje al c\u00edrculo rojo que busca crear un clima pol\u00edtico\u201d, explicaron.<\/p>\n\n\n\n<p><a href=\"https:\/\/tn.com.ar\/autor\/leandro+chimenti\/\"><\/a>Las lecturas en el bullrichismo por el desembarco de\u00a0<strong>Mar\u00eda Eugenia Vidal<\/strong>\u00a0y\u00a0<strong>Facundo Manes<\/strong>\u00a0en el proyecto presidencial de Horacio Rodriguez Larreta fueron diversas, desde la \u201crelativizaci\u00f3n\u201d por los anuncios hasta las\u00a0<strong>fuertes cr\u00edticas<\/strong>\u00a0de los sectores m\u00e1s duros por romper la \u201cneutralidad\u201d, sumado a la\u00a0<strong>\u201cdecepci\u00f3n y el dolor\u201d,<\/strong>\u00a0de parte de los dirigentes que tuvieron una hist\u00f3rica relaci\u00f3n con la exgobernadora bonaerense, en un recalentamiento de las disputas\u00a0en Juntos por el Cambio.<\/p>\n\n\n\n<p>Desde uno de los sectores del espacio de Patricia Bullrich minimizaron las incorporaciones que present\u00f3 el jefe de gobierno porte\u00f1o en el \u201csprint final\u201d de campa\u00f1a, cuando faltan menos de dos semanas para las PASO: \u201cLas\u00a0<strong>relativizamos,<\/strong>\u00a0cada dirigente tiene derecho a decir con qui\u00e9n se siente m\u00e1s representado, pero lo que m\u00e1s nos importa es lo que piense la gente\u201d.<\/p>\n\n\n\n<p>En el ala dura del PRO no creen que estas incorporaciones vayan a tener impacto en las urnas: \u201cNi la posici\u00f3n de Manes, ni la de Vidal, ni la de ning\u00fan otro dirigente que se expresa va a torcer lo que la gente vaya a decir en las PASO\u201d, y vincularon estos anuncios a mensajes<strong>&nbsp;\u201cal c\u00edrculo rojo,<\/strong>&nbsp;al establishment, para crear clima pol\u00edtico\u201d.<\/p>\n\n\n\n<p>Una de las posturas en el bullrichismo es que no creen \u201cque&nbsp;<strong>ning\u00fan ciudadano&nbsp;<\/strong>que se haya enterado de estas noticias diga: \u2018Voy a cambiar mi voto\u2019, porque las preocupaciones de la gente pasan por la econom\u00eda y la inseguridad, incluso lo dice Vidal, ning\u00fan argentino est\u00e1 preocupado por la interna\u201d.<\/p>\n\n\n\n<h2 class=\"wp-block-heading\">Fuertes cr\u00edticas del ala dura del PRO contra Mar\u00eda Eugenia Vidal por haber terminado con la \u201cneutralidad\u201d<\/h2>\n\n\n\n<figure class=\"wp-block-image\"><img decoding=\"async\" src=\"https:\/\/tn.com.ar\/resizer\/pd5vqrlB3OqXJtc9VN-b9PgIHEc=\/767x0\/smart\/filters:format(webp)\/cloudfront-us-east-1.images.arcpublishing.com\/artear\/4YAFDXK6NZHNJC77FIEVJLVBLU.jpg\" alt=\"El jefe de campa\u00f1a de Patricia Bullrich, Juan Pablo Arenaza, sali\u00f3 al cruce de Mar\u00eda Eugenia Vidal por su respaldo a Horacio Rodr\u00edguez Larreta (Foto: captura @jparenaza).\"\/><\/figure>\n\n\n\n<p>Uno de los m\u00e1s duros contra Vidal fue el jefe de campa\u00f1a de Bullrich, el legislador porte\u00f1o&nbsp;<strong>Juan Pablo Arenaza,<\/strong>&nbsp;que le envi\u00f3 fuertes cr\u00edticas: \u201cLa m\u00e1s bonaerense, la m\u00e1s porte\u00f1a, la m\u00e1s neutral y al final de nuevo la empleada del mes. Sin comentarios\u201d.<\/p>\n\n\n\n<p>Arenaza adem\u00e1s hizo alusiones a la estrella del Seleccionado campe\u00f3n del mundo y del Inter Miami,\u00a0<strong>Lionel Messi: \u201c<\/strong>Seguramente con plata pod\u00e9s tener muchas figuritas, el problema es que\u00a0<strong>la de Messi nunca la vas a poder tener\u00a0<\/strong>y la gente sigue a Messi. Sigan comprando figuritas, encima ya est\u00e1n gastadas\u201d.<\/p>\n\n\n\n<h2 class=\"wp-block-heading\">\u201cDolor, decepci\u00f3n y desilusi\u00f3n\u201d de los dirigentes que estaban alineados con Vidal por el fin de la neutralidad<\/h2>\n\n\n\n<figure class=\"wp-block-image\"><img decoding=\"async\" src=\"https:\/\/tn.com.ar\/resizer\/kMRK4c4rC7GDe9k_uQ-AtvMr_ZE=\/767x0\/smart\/filters:format(webp)\/cloudfront-us-east-1.images.arcpublishing.com\/artear\/LY66RDTC6VGZ7J23SBNMXPFLAU.jpg\" alt=\"Mart\u00edn Yeza y Cristian Ritondo fueron dos de los dirigentes m\u00e1s cercanos a Mar\u00eda Eugenia Vidal, cuya relaci\u00f3n se quebr\u00f3 tras el alineamiento de la dirigente con Horacio Rodr\u00edguez Larreta (Foto: Facebook @yezamartin).\"\/><\/figure>\n\n\n\n<p>Dirigentes que ten\u00edan una estrecha, y en algunos casos&nbsp;<strong>hist\u00f3rica&nbsp;<\/strong>relaci\u00f3n con Vidal como el jefe de bloque del PRO en Diputados,&nbsp;<strong>Cristian Ritondo,<\/strong>&nbsp;que va por la renovaci\u00f3n de su banca, y el intendente de Pinamar,&nbsp;<strong>Mart\u00edn Yeza,<\/strong>&nbsp;que integra esa lista, manifestaron su&nbsp;<strong>\u201cdecepci\u00f3n, desilusi\u00f3n y dolor\u201d<\/strong>&nbsp;por la decisi\u00f3n de Vidal, que rompi\u00f3 con la neutralidad.<\/p>\n\n\n\n<ul class=\"wp-block-list\"><li>Como anticip\u00f3\u00a0la dirigente, previo al anuncio, se mostraba\u00a0<strong>equidistante\u00a0<\/strong>en la interna del PRO con dirigentes \u201cafines a ella\u201d que responden tanto a Bullrich como a Rodr\u00edguez Larreta, pero esa posici\u00f3n quedo atr\u00e1s al inclinarse por el jefe de gobierno porte\u00f1o a menos de dos semanas para las primarias.<\/li><li>Ritondo se mostr\u00f3 sorprendido, decepcionado, desilusionado y \u201cen desacuerdo\u201d con la decisi\u00f3n de Vidal: \u201dMe sorprendi\u00f3 y, en parte, me\u00a0<strong>desilusion\u00f3.\u00a0<\/strong>Le he expresado personalmente que estoy muy en desacuerdo con esa decisi\u00f3n. He trabajado con ella en batallas importantes en la provincia de Buenos Aires, est\u00e1 claro que me\u00a0<strong>decepciona\u00a0<\/strong>la decisi\u00f3n de Mar\u00eda Eugenia. Me dijo que iba a\u00a0<strong>mantenerse neutral\u201d.<\/strong><\/li><li>El dirigente del ala dura del PRO dijo que est\u00e1 \u201cconvencido que hoy la persona con car\u00e1cter para liderar esas batallas es\u00a0<strong>Patricia Bullrich\u201d,\u00a0<\/strong>y destac\u00f3 la figura de la exministra de Seguridad: \u201cCon fuerza, con equipo, y por sobre todo, con\u00a0<strong>liderazgo\u201d.<\/strong><\/li><li>Yeza evit\u00f3 confrontar en p\u00fablico y ponder\u00f3 el liderazgo de su jefa pol\u00edtica: \u201cBullrich es la que mejor entendi\u00f3 en qu\u00e9 nos equivocamos y qu\u00e9 ten\u00edamos que mejorar post 2019. La que nos\u00a0<strong>lider\u00f3\u00a0<\/strong>cuando nos psicopateaban por cadena nacional. Su\u00a0<strong>coraje y lucha\u00a0<\/strong>nos dio la esperanza que necesit\u00e1bamos para no rendirnos. Necesitamos de todos para cambiar, pero ese cambio tiene que ser coherente, no creo que sea serio hacer una cosa y lo contrario a la vez o juntar pol\u00edticos que unos piensan una cosa y otros lo opuesto en temas centrales. El 13 dirimimos qu\u00e9 y c\u00f3mo queremos hacer el cambio\u201d.<\/li><li>El diputado nacional del PRO\u00a0<strong>Hern\u00e1n Lombardi,<\/strong>\u00a0cercano al expresidente,\u00a0<strong>Mauricio Macri,\u00a0<\/strong>dijo que el acuerdo que tienen en el bullrichismo \u201ces con la gente, como lo mostr\u00f3 ella en todo el pa\u00eds\u201d, que est\u00e1n \u201cconcentrados en la alternativa que representa\u201d y que dirigentes del espacio como Ritondo \u201cest\u00e1n muy firmes en las ideas\u201d que representa la referente del ala dura del PRO, en declaraciones a<em>\u00a0radio La Red.<\/em><\/li><\/ul>\n","protected":false},"excerpt":{"rendered":"<p>Dirigentes ligados a Bullrich manifestaron que ni la exgobernadora bonaerense ni Manes le aportar\u00e1n votos al jefe de Gobierno porte\u00f1o. \u201cEl realineamiento es un mensaje al c\u00edrculo rojo que busca&hellip; <\/p>\n","protected":false},"author":8,"featured_media":77807,"comment_status":"closed","ping_status":"open","sticky":false,"template":"","format":"standard","meta":{"footnotes":""},"categories":[3],"tags":[],"class_list":["post-77806","post","type-post","status-publish","format-standard","has-post-thumbnail","hentry","category-politica"],"_links":{"self":[{"href":"https:\/\/corrientesdetarde.com\/index.php\/wp-json\/wp\/v2\/posts\/77806","targetHints":{"allow":["GET"]}}],"collection":[{"href":"https:\/\/corrientesdetarde.com\/index.php\/wp-json\/wp\/v2\/posts"}],"about":[{"href":"https:\/\/corrientesdetarde.com\/index.php\/wp-json\/wp\/v2\/types\/post"}],"author":[{"embeddable":true,"href":"https:\/\/corrientesdetarde.com\/index.php\/wp-json\/wp\/v2\/users\/8"}],"replies":[{"embeddable":true,"href":"https:\/\/corrientesdetarde.com\/index.php\/wp-json\/wp\/v2\/comments?post=77806"}],"version-history":[{"count":1,"href":"https:\/\/corrientesdetarde.com\/index.php\/wp-json\/wp\/v2\/posts\/77806\/revisions"}],"predecessor-version":[{"id":77808,"href":"https:\/\/corrientesdetarde.com\/index.php\/wp-json\/wp\/v2\/posts\/77806\/revisions\/77808"}],"wp:featuredmedia":[{"embeddable":true,"href":"https:\/\/corrientesdetarde.com\/index.php\/wp-json\/wp\/v2\/media\/77807"}],"wp:attachment":[{"href":"https:\/\/corrientesdetarde.com\/index.php\/wp-json\/wp\/v2\/media?parent=77806"}],"wp:term":[{"taxonomy":"category","embeddable":true,"href":"https:\/\/corrientesdetarde.com\/index.php\/wp-json\/wp\/v2\/categories?post=77806"},{"taxonomy":"post_tag","embeddable":true,"href":"https:\/\/corrientesdetarde.com\/index.php\/wp-json\/wp\/v2\/tags?post=77806"}],"curies":[{"name":"wp","href":"https:\/\/api.w.org\/{rel}","templated":true}]}}