{"id":77823,"date":"2023-08-02T16:14:28","date_gmt":"2023-08-02T19:14:28","guid":{"rendered":"https:\/\/corrientesdetarde.com\/?p=77823"},"modified":"2023-08-02T16:14:40","modified_gmt":"2023-08-02T19:14:40","slug":"estudiantes-defendieron-anteproyectos-de-ley-presentados-en-concurso","status":"publish","type":"post","link":"https:\/\/corrientesdetarde.com\/index.php\/politica\/estudiantes-defendieron-anteproyectos-de-ley-presentados-en-concurso\/","title":{"rendered":"<strong>Estudiantes defendieron anteproyectos de ley presentados en concurso<\/strong>"},"content":{"rendered":"\n<p><strong>Alumnos de distintos establecimientos educacionales de la provincia coparon el recinto de sesiones de la c\u00e1mara de Diputados, antes del desarrollo del orden del d\u00eda de la fecha. Hablaron de sus anteproyectos presentados y fueron felicitados por el cuerpo parlamentario presidido por Pedro Cassani.<\/strong><\/p>\n\n\n\n<p>\u201cEl objetivo de este concurso, est\u00e1 por dem\u00e1s cumplido;&nbsp; no solamente por la presencia de muchos de los colegios que participaron, sino porque logramos acercar a este poder del Estado a los j\u00f3venes\u201d, dijo el presidente de la c\u00e1mara de Diputados&nbsp;<strong>Pedro Cassani<\/strong>&nbsp;en el encuentro previo a la sesi\u00f3n con alumnos que presentaron diversos anteproyectos de ley, en el marco del concurso denominado \u201c<strong>Soy Protagonista, del hoy y del ma\u00f1ana<\/strong>\u201d que lleg\u00f3 a su fin, con la entrega de premios.<\/p>\n\n\n\n<p>El titular de Diputados record\u00f3 la sanci\u00f3n de la ley del \u201cVoto Joven\u201d en la provincia, destacando su importancia. \u201cLa normativa, m\u00e1s all\u00e1 del voto, implica mayor participaci\u00f3n en la construcci\u00f3n de la comunidad en la que viven, dando este sentido de democracia participativa, que es la que tenemos que seguir acentuando y para eso este tipo de actividades\u201d, sostuvo para recordar los 40 a\u00f1os de vida en democracia.<\/p>\n\n\n\n<p>Record\u00f3 que ya se ven\u00eda trabajando con los estudiantes, a trav\u00e9s de diversos programas. \u201cEn todos los casos, la estrategia fue ir variando la modalidad, para la mejor conexi\u00f3n con ellos, entendiendo sus particularidades y contextos.&nbsp; En este 2023, decidimos llevar a cabo este concurso, apoy\u00e1ndonos en redes sociales como un &nbsp;medio de comunicaci\u00f3n m\u00e1s y donde la secretaria y el prosecretario tuvieron un rol fundamental al adecuar teor\u00edas, t\u00e9cnica y procedimientos legislativos a un lenguaje m\u00e1s claro, pensando en los adolescentes.&nbsp; Y as\u00ed llegamos \u2013de manera presencial-, a los establecimientos que lo solicitaron, con las autorizaciones pertinentes del Ministerio de Educaci\u00f3n\u2026 Como se trata de un a\u00f1o electoral, desde la instituci\u00f3n legislativa, adem\u00e1s, se cuid\u00f3 el detalle de que ning\u00fan diputado-candidato (como en mi caso)&nbsp; sea parte de este programa\u201d, coment\u00f3.<\/p>\n\n\n\n<p>\u201cHoy nos toca, manifestar nuestra felicidad al ver no solo el inter\u00e9s de los chicos y chicas en participar; sino por el compromiso de los docentes en acompa\u00f1arlos.&nbsp; Le\u00ed cada proyecto presentado. Son todos, con un gran compromiso social, que conmueve\u201d, asegur\u00f3.<\/p>\n\n\n\n<p>Del mismo modo, la coordinadora del concurso, la secretaria parlamentaria Evelyn Karsten mencion\u00f3 la calidad de cada propuesta, recordando que \u201ctodas pasar\u00e1n a las comisiones para ser analizadas\u201d, por lo que adelant\u00f3 que seguir\u00e1n en contacto con los alumnos.<\/p>\n\n\n\n<p>\u201cEl jurado discuti\u00f3 bastante\u2026 nos pareci\u00f3 interesante que los chicos quieran involucrarse en lo que es la vida institucional, la vida democr\u00e1tica; &nbsp;aprender sobre eso, que tomen con responsabilidad su primera votaci\u00f3n y que quieran aprender de qu\u00e9 se trata, qu\u00e9 es lo que deben ir a votar, c\u00f3mo deben hacerlo, significa que est\u00e1n poniendo toda su responsabilidad en lo que va a ser el ejercicio de la ciudadan\u00eda\u201d, sostuvo.<\/p>\n\n\n\n<p>Posteriormente los chicos fueron mencionando las iniciativas, iniciando por el equipo ganador perteneciente a la&nbsp; Escuela \u201cT\u00e9cnica Nuestra Se\u00f1ora de Itat\u00ed\u201d, de la localidad de San Luis del Palmar, integrado por los alumnos: Ana Ortiz, Luz Sol\u00eds, Francisca Molinas, Gabriela Azcona, Alfonso Blanco, Florencia Luna, Ludmila Valenzuela, El\u00edas Espinoza, Javier Rodr\u00edguez, Cristian Guti\u00e9rrez y Sebasti\u00e1n Ram\u00edrez.<\/p>\n\n\n\n<p>En su caso, desarrollaron su idea de \u201cestablecer una instancia de capacitaci\u00f3n a los j\u00f3venes correntinos que cursan sus estudios secundarios sobre el sistema democr\u00e1tico, instancias electorales, experiencias de sufragio y otros aspectos fundamentales a la hora de emitir el primer voto\u201d.<\/p>\n\n\n\n<p>Los diputados pudieron hacer consultas sobre el particular, y los chicos respondieron; desde las bancas que le fueron cedidas.<\/p>\n\n\n\n<p>Tambi\u00e9n lo hicieron los que presentaron iniciativas distintas. Desde el Colegio Gral San Mart\u00edn, por ejemplo, comentaron que hicieron una gran investigaci\u00f3n sobre el medio ambiente. \u201cQueremos aplicar el eco-reciclaje\u201d, comentaron.<\/p>\n\n\n\n<p>Desde el Colegio Secundario \u201cColonia Llano\u201d, tambi\u00e9n de &nbsp;San Luis del Palmar, por su parte, hicieron aportes al anteproyecto ganador, mocionando que se incorpore al texto final (que debe ser presentado por un legislador) la posibilidad de conocer a todos los candidatos; a lo que los autores, comentaron que a prop\u00f3sito omitieron, para no \u201chacer campa\u00f1a\u201d.<\/p>\n\n\n\n<p>Tambi\u00e9n estuvieron del Instituto \u201cSanta Rita\u201d de &nbsp;Bella Vista, de la Escuela de Comercio Manuel Belgrano; del Instituto Yapey\u00fa; del Instituto San Benito, del Colegio Brigadier Ferr\u00e9 (entre otros); con una variedad de asuntos como ser: inserci\u00f3n laboral para los reci\u00e9n egresados, obligatoriedad en la capacitaci\u00f3n de RCP en escuelas -y otro para la obtenci\u00f3n de licencia de conducir-; varios de \u00edndole ecol\u00f3gicos; el que declara Ciudadano Ilustre Post Mortem para el Padre Adolfo Smiguel por sus obras educativas para toda la provincia y en particular en el barrio San Benito.<\/p>\n\n\n\n<p>Tambi\u00e9n, sobre una modificaci\u00f3n a la Ley de Salud Mental, abordando la tem\u00e1tica de la drogadicci\u00f3n en los j\u00f3venes; y otro denominado \u201cMi trabajo\u201d para personas con espectro autista.<\/p>\n\n\n\n<p>Todos ellos fueron explicados ante los diputados, quedando en contacto con las comisiones, para hacer el seguimiento respectivo.<\/p>\n\n\n\n<p>\u201cTodos ganaron, incluso la instituci\u00f3n legislativa y la sociedad toda\u201d dijo Pedro Cassani al momento de hacerse entrega de los premios (consistentes en celulares, remeras de promoci\u00f3n, y obsequios para el establecimiento).<\/p>\n\n\n\n<p><strong>LA SESI\u00d3N<\/strong><\/p>\n\n\n\n<p>Tras la despedida a los alumnos secundarios, durante la sesi\u00f3n 12, se sancion\u00f3 el proyecto de ley que establece el 23 de agosto de 1631, como fecha de Fundaci\u00f3n de la Localidad de San Carlos, a iniciativa del bloque Eli.<\/p>\n\n\n\n<p>Tambi\u00e9n se aprobaron diversas declaraciones, y pasaron a comisiones los proyectos ingresados.<\/p>\n\n\n\n<figure class=\"wp-block-image size-full\"><img loading=\"lazy\" decoding=\"async\" width=\"1024\" height=\"683\" src=\"https:\/\/corrientesdetarde.com\/wp-content\/uploads\/2023\/08\/JOVEN-CON-PROYECTO-PARA-P-AUTIS.jpeg\" alt=\"\" class=\"wp-image-77824\" srcset=\"https:\/\/corrientesdetarde.com\/wp-content\/uploads\/2023\/08\/JOVEN-CON-PROYECTO-PARA-P-AUTIS.jpeg 1024w, https:\/\/corrientesdetarde.com\/wp-content\/uploads\/2023\/08\/JOVEN-CON-PROYECTO-PARA-P-AUTIS-300x200.jpeg 300w, https:\/\/corrientesdetarde.com\/wp-content\/uploads\/2023\/08\/JOVEN-CON-PROYECTO-PARA-P-AUTIS-768x512.jpeg 768w\" sizes=\"auto, (max-width: 1024px) 100vw, 1024px\" \/><\/figure>\n\n\n\n<figure class=\"wp-block-image size-full\"><img loading=\"lazy\" decoding=\"async\" width=\"1024\" height=\"683\" src=\"https:\/\/corrientesdetarde.com\/wp-content\/uploads\/2023\/08\/ALUMNOS-10.jpeg\" alt=\"\" class=\"wp-image-77829\" srcset=\"https:\/\/corrientesdetarde.com\/wp-content\/uploads\/2023\/08\/ALUMNOS-10.jpeg 1024w, https:\/\/corrientesdetarde.com\/wp-content\/uploads\/2023\/08\/ALUMNOS-10-300x200.jpeg 300w, https:\/\/corrientesdetarde.com\/wp-content\/uploads\/2023\/08\/ALUMNOS-10-768x512.jpeg 768w\" sizes=\"auto, (max-width: 1024px) 100vw, 1024px\" \/><\/figure>\n\n\n\n<figure class=\"wp-block-image size-full\"><img loading=\"lazy\" decoding=\"async\" width=\"1024\" height=\"683\" src=\"https:\/\/corrientesdetarde.com\/wp-content\/uploads\/2023\/08\/PARTICIPANTES-1-.jpeg\" alt=\"\" class=\"wp-image-77831\" srcset=\"https:\/\/corrientesdetarde.com\/wp-content\/uploads\/2023\/08\/PARTICIPANTES-1-.jpeg 1024w, https:\/\/corrientesdetarde.com\/wp-content\/uploads\/2023\/08\/PARTICIPANTES-1--300x200.jpeg 300w, https:\/\/corrientesdetarde.com\/wp-content\/uploads\/2023\/08\/PARTICIPANTES-1--768x512.jpeg 768w\" sizes=\"auto, (max-width: 1024px) 100vw, 1024px\" \/><\/figure>\n\n\n\n<figure class=\"wp-block-image size-full\"><img loading=\"lazy\" decoding=\"async\" width=\"1024\" height=\"683\" src=\"https:\/\/corrientesdetarde.com\/wp-content\/uploads\/2023\/08\/PANORAMICA-SESION-CON-JOVENES-.jpeg\" alt=\"\" class=\"wp-image-77832\" srcset=\"https:\/\/corrientesdetarde.com\/wp-content\/uploads\/2023\/08\/PANORAMICA-SESION-CON-JOVENES-.jpeg 1024w, https:\/\/corrientesdetarde.com\/wp-content\/uploads\/2023\/08\/PANORAMICA-SESION-CON-JOVENES--300x200.jpeg 300w, https:\/\/corrientesdetarde.com\/wp-content\/uploads\/2023\/08\/PANORAMICA-SESION-CON-JOVENES--768x512.jpeg 768w\" sizes=\"auto, (max-width: 1024px) 100vw, 1024px\" \/><\/figure>\n\n\n\n<figure class=\"wp-block-image size-full\"><img loading=\"lazy\" decoding=\"async\" width=\"1024\" height=\"683\" src=\"https:\/\/corrientesdetarde.com\/wp-content\/uploads\/2023\/08\/GANADORES-1-.jpeg\" alt=\"\" class=\"wp-image-77827\" srcset=\"https:\/\/corrientesdetarde.com\/wp-content\/uploads\/2023\/08\/GANADORES-1-.jpeg 1024w, https:\/\/corrientesdetarde.com\/wp-content\/uploads\/2023\/08\/GANADORES-1--300x200.jpeg 300w, https:\/\/corrientesdetarde.com\/wp-content\/uploads\/2023\/08\/GANADORES-1--768x512.jpeg 768w\" sizes=\"auto, (max-width: 1024px) 100vw, 1024px\" \/><\/figure>\n\n\n\n<figure class=\"wp-block-image size-full\"><img loading=\"lazy\" decoding=\"async\" width=\"1024\" height=\"683\" src=\"https:\/\/corrientesdetarde.com\/wp-content\/uploads\/2023\/08\/GANADORES-000.jpeg\" alt=\"\" class=\"wp-image-77828\" srcset=\"https:\/\/corrientesdetarde.com\/wp-content\/uploads\/2023\/08\/GANADORES-000.jpeg 1024w, https:\/\/corrientesdetarde.com\/wp-content\/uploads\/2023\/08\/GANADORES-000-300x200.jpeg 300w, https:\/\/corrientesdetarde.com\/wp-content\/uploads\/2023\/08\/GANADORES-000-768x512.jpeg 768w\" sizes=\"auto, (max-width: 1024px) 100vw, 1024px\" \/><\/figure>\n\n\n\n<figure class=\"wp-block-image size-full\"><img loading=\"lazy\" decoding=\"async\" width=\"1024\" height=\"683\" src=\"https:\/\/corrientesdetarde.com\/wp-content\/uploads\/2023\/08\/GANADORES-.jpeg\" alt=\"\" class=\"wp-image-77826\" srcset=\"https:\/\/corrientesdetarde.com\/wp-content\/uploads\/2023\/08\/GANADORES-.jpeg 1024w, https:\/\/corrientesdetarde.com\/wp-content\/uploads\/2023\/08\/GANADORES--300x200.jpeg 300w, https:\/\/corrientesdetarde.com\/wp-content\/uploads\/2023\/08\/GANADORES--768x512.jpeg 768w\" sizes=\"auto, (max-width: 1024px) 100vw, 1024px\" \/><\/figure>\n\n\n\n<figure class=\"wp-block-image size-full\"><img loading=\"lazy\" decoding=\"async\" width=\"1024\" height=\"683\" src=\"https:\/\/corrientesdetarde.com\/wp-content\/uploads\/2023\/08\/FOTO-OFICIAL-CONCURSO-.jpeg\" alt=\"\" class=\"wp-image-77830\" srcset=\"https:\/\/corrientesdetarde.com\/wp-content\/uploads\/2023\/08\/FOTO-OFICIAL-CONCURSO-.jpeg 1024w, https:\/\/corrientesdetarde.com\/wp-content\/uploads\/2023\/08\/FOTO-OFICIAL-CONCURSO--300x200.jpeg 300w, https:\/\/corrientesdetarde.com\/wp-content\/uploads\/2023\/08\/FOTO-OFICIAL-CONCURSO--768x512.jpeg 768w\" sizes=\"auto, (max-width: 1024px) 100vw, 1024px\" \/><\/figure>\n\n\n\n<figure class=\"wp-block-image size-full\"><img loading=\"lazy\" decoding=\"async\" width=\"1024\" height=\"683\" src=\"https:\/\/corrientesdetarde.com\/wp-content\/uploads\/2023\/08\/JOVEN-DE-SAN-LUIS-.jpeg\" alt=\"\" class=\"wp-image-77825\" srcset=\"https:\/\/corrientesdetarde.com\/wp-content\/uploads\/2023\/08\/JOVEN-DE-SAN-LUIS-.jpeg 1024w, https:\/\/corrientesdetarde.com\/wp-content\/uploads\/2023\/08\/JOVEN-DE-SAN-LUIS--300x200.jpeg 300w, https:\/\/corrientesdetarde.com\/wp-content\/uploads\/2023\/08\/JOVEN-DE-SAN-LUIS--768x512.jpeg 768w\" sizes=\"auto, (max-width: 1024px) 100vw, 1024px\" \/><\/figure>\n","protected":false},"excerpt":{"rendered":"<p>Alumnos de distintos establecimientos educacionales de la provincia coparon el recinto de sesiones de la c\u00e1mara de Diputados, antes del desarrollo del orden del d\u00eda de la fecha. Hablaron de&hellip; <\/p>\n","protected":false},"author":8,"featured_media":77830,"comment_status":"closed","ping_status":"open","sticky":false,"template":"","format":"standard","meta":{"footnotes":""},"categories":[3],"tags":[],"class_list":["post-77823","post","type-post","status-publish","format-standard","has-post-thumbnail","hentry","category-politica"],"_links":{"self":[{"href":"https:\/\/corrientesdetarde.com\/index.php\/wp-json\/wp\/v2\/posts\/77823","targetHints":{"allow":["GET"]}}],"collection":[{"href":"https:\/\/corrientesdetarde.com\/index.php\/wp-json\/wp\/v2\/posts"}],"about":[{"href":"https:\/\/corrientesdetarde.com\/index.php\/wp-json\/wp\/v2\/types\/post"}],"author":[{"embeddable":true,"href":"https:\/\/corrientesdetarde.com\/index.php\/wp-json\/wp\/v2\/users\/8"}],"replies":[{"embeddable":true,"href":"https:\/\/corrientesdetarde.com\/index.php\/wp-json\/wp\/v2\/comments?post=77823"}],"version-history":[{"count":1,"href":"https:\/\/corrientesdetarde.com\/index.php\/wp-json\/wp\/v2\/posts\/77823\/revisions"}],"predecessor-version":[{"id":77833,"href":"https:\/\/corrientesdetarde.com\/index.php\/wp-json\/wp\/v2\/posts\/77823\/revisions\/77833"}],"wp:featuredmedia":[{"embeddable":true,"href":"https:\/\/corrientesdetarde.com\/index.php\/wp-json\/wp\/v2\/media\/77830"}],"wp:attachment":[{"href":"https:\/\/corrientesdetarde.com\/index.php\/wp-json\/wp\/v2\/media?parent=77823"}],"wp:term":[{"taxonomy":"category","embeddable":true,"href":"https:\/\/corrientesdetarde.com\/index.php\/wp-json\/wp\/v2\/categories?post=77823"},{"taxonomy":"post_tag","embeddable":true,"href":"https:\/\/corrientesdetarde.com\/index.php\/wp-json\/wp\/v2\/tags?post=77823"}],"curies":[{"name":"wp","href":"https:\/\/api.w.org\/{rel}","templated":true}]}}