{"id":77848,"date":"2023-08-02T16:34:15","date_gmt":"2023-08-02T19:34:15","guid":{"rendered":"https:\/\/corrientesdetarde.com\/?p=77848"},"modified":"2023-08-02T16:34:23","modified_gmt":"2023-08-02T19:34:23","slug":"el-coprodis-entrego-recursos-a-familias-en-bo-san-antonio","status":"publish","type":"post","link":"https:\/\/corrientesdetarde.com\/index.php\/sociales\/el-coprodis-entrego-recursos-a-familias-en-bo-san-antonio\/","title":{"rendered":"El COPRODIS entreg\u00f3 recursos a familias en B\u00ba San Antonio"},"content":{"rendered":"\n<p>Con el fin de brindar apoyo a las familias de personas con discapacidad y de acercar igualdad de oportunidades, el Ministerio de Desarrollo Social de la provincia a cargo de Ad\u00e1n Gaya, realiz\u00f3 este martes 1 de agosto la entrega de recursos.<br>La misma, se llev\u00f3 a cabo a trav\u00e9s del \u00e1rea social del Consejo Provincial de Discapacidad, cuya Directora es la Prof. Roxana Tannuri, a familias del Barrio San Antonio.<br>Entre los recursos entregados estuvieron colchones y camas.<br>Adem\u00e1s, la trabajadora social brind\u00f3 asesoramiento sobre acceso a derechos a las familias beneficiadas con los recursos.<br>El COPRODIS brinda pol\u00edticas sociales tendientes a mejorar la calidad de vida de las personas con discapacidad, en forma diaria.<\/p>\n\n\n\n<figure class=\"wp-block-image size-large\"><img loading=\"lazy\" decoding=\"async\" width=\"576\" height=\"1024\" src=\"https:\/\/corrientesdetarde.com\/wp-content\/uploads\/2023\/08\/image-88-576x1024.png\" alt=\"\" class=\"wp-image-77849\" srcset=\"https:\/\/corrientesdetarde.com\/wp-content\/uploads\/2023\/08\/image-88-576x1024.png 576w, https:\/\/corrientesdetarde.com\/wp-content\/uploads\/2023\/08\/image-88-169x300.png 169w, https:\/\/corrientesdetarde.com\/wp-content\/uploads\/2023\/08\/image-88-768x1365.png 768w, https:\/\/corrientesdetarde.com\/wp-content\/uploads\/2023\/08\/image-88-864x1536.png 864w, https:\/\/corrientesdetarde.com\/wp-content\/uploads\/2023\/08\/image-88.png 900w\" sizes=\"auto, (max-width: 576px) 100vw, 576px\" \/><\/figure>\n\n\n\n<figure class=\"wp-block-image size-large\"><img loading=\"lazy\" decoding=\"async\" width=\"813\" height=\"1024\" src=\"https:\/\/corrientesdetarde.com\/wp-content\/uploads\/2023\/08\/image-89-813x1024.png\" alt=\"\" class=\"wp-image-77850\" srcset=\"https:\/\/corrientesdetarde.com\/wp-content\/uploads\/2023\/08\/image-89-813x1024.png 813w, https:\/\/corrientesdetarde.com\/wp-content\/uploads\/2023\/08\/image-89-238x300.png 238w, https:\/\/corrientesdetarde.com\/wp-content\/uploads\/2023\/08\/image-89-768x968.png 768w, https:\/\/corrientesdetarde.com\/wp-content\/uploads\/2023\/08\/image-89.png 826w\" sizes=\"auto, (max-width: 813px) 100vw, 813px\" \/><\/figure>\n","protected":false},"excerpt":{"rendered":"<p>Con el fin de brindar apoyo a las familias de personas con discapacidad y de acercar igualdad de oportunidades, el Ministerio de Desarrollo Social de la provincia a cargo de&hellip; <\/p>\n","protected":false},"author":8,"featured_media":77849,"comment_status":"closed","ping_status":"open","sticky":false,"template":"","format":"standard","meta":{"footnotes":""},"categories":[17],"tags":[],"class_list":["post-77848","post","type-post","status-publish","format-standard","has-post-thumbnail","hentry","category-sociales"],"_links":{"self":[{"href":"https:\/\/corrientesdetarde.com\/index.php\/wp-json\/wp\/v2\/posts\/77848","targetHints":{"allow":["GET"]}}],"collection":[{"href":"https:\/\/corrientesdetarde.com\/index.php\/wp-json\/wp\/v2\/posts"}],"about":[{"href":"https:\/\/corrientesdetarde.com\/index.php\/wp-json\/wp\/v2\/types\/post"}],"author":[{"embeddable":true,"href":"https:\/\/corrientesdetarde.com\/index.php\/wp-json\/wp\/v2\/users\/8"}],"replies":[{"embeddable":true,"href":"https:\/\/corrientesdetarde.com\/index.php\/wp-json\/wp\/v2\/comments?post=77848"}],"version-history":[{"count":1,"href":"https:\/\/corrientesdetarde.com\/index.php\/wp-json\/wp\/v2\/posts\/77848\/revisions"}],"predecessor-version":[{"id":77851,"href":"https:\/\/corrientesdetarde.com\/index.php\/wp-json\/wp\/v2\/posts\/77848\/revisions\/77851"}],"wp:featuredmedia":[{"embeddable":true,"href":"https:\/\/corrientesdetarde.com\/index.php\/wp-json\/wp\/v2\/media\/77849"}],"wp:attachment":[{"href":"https:\/\/corrientesdetarde.com\/index.php\/wp-json\/wp\/v2\/media?parent=77848"}],"wp:term":[{"taxonomy":"category","embeddable":true,"href":"https:\/\/corrientesdetarde.com\/index.php\/wp-json\/wp\/v2\/categories?post=77848"},{"taxonomy":"post_tag","embeddable":true,"href":"https:\/\/corrientesdetarde.com\/index.php\/wp-json\/wp\/v2\/tags?post=77848"}],"curies":[{"name":"wp","href":"https:\/\/api.w.org\/{rel}","templated":true}]}}