{"id":77855,"date":"2023-08-02T16:51:38","date_gmt":"2023-08-02T19:51:38","guid":{"rendered":"https:\/\/corrientesdetarde.com\/?p=77855"},"modified":"2023-08-02T16:51:49","modified_gmt":"2023-08-02T19:51:49","slug":"fernandez-viajo-a-misiones-y-massa-se-apresta-a-cumplir-un-ano-de-gestion-con-datos-negativos","status":"publish","type":"post","link":"https:\/\/corrientesdetarde.com\/index.php\/opinion\/fernandez-viajo-a-misiones-y-massa-se-apresta-a-cumplir-un-ano-de-gestion-con-datos-negativos\/","title":{"rendered":"Fern\u00e1ndez viaj\u00f3 a Misiones y Massa se apresta a cumplir un a\u00f1o de gesti\u00f3n con datos negativos"},"content":{"rendered":"\n<p><strong>Por Juan Pablo Peralta desde Casa Rosada<\/strong><\/p>\n\n\n\n<figure class=\"wp-block-embed is-type-video is-provider-youtube wp-block-embed-youtube wp-embed-aspect-4-3 wp-has-aspect-ratio\"><div class=\"wp-block-embed__wrapper\">\n<iframe loading=\"lazy\" title=\"Fern\u00e1ndez viaj\u00f3 a Misiones y Massa se apresta a cumplir un a\u00f1o de gesti\u00f3n con datos negativos\" width=\"1110\" height=\"833\" src=\"https:\/\/www.youtube.com\/embed\/PW5bv34nhqs?feature=oembed\" frameborder=\"0\" allow=\"accelerometer; autoplay; clipboard-write; encrypted-media; gyroscope; picture-in-picture; web-share\" allowfullscreen><\/iframe>\n<\/div><\/figure>\n\n\n\n<p>El presidente Alberto Fern\u00e1ndez viaj\u00f3 a Misiones para recorrer obras en ejecuci\u00f3n junto al gobernador Oscar Herrera Ahuad. En horas, y en medio del intento por contener el d\u00f3lar y calmar a los mercados, el precandidato presidencial de Uni\u00f3n por la Patria, Sergio Massa, est\u00e1 por cumplir un a\u00f1o al frente del Palacio de Hacienda con fuertes n\u00fameros negativos. As\u00ed y todo, la CGT anunci\u00f3 un acto en apoyo a su precandidatura en el estadio DirecTV Arena de Malvinas Argentinas, que se realizar\u00e1 el pr\u00f3ximo martes 8 de agosto.<\/p>\n","protected":false},"excerpt":{"rendered":"<p>Por Juan Pablo Peralta desde Casa Rosada El presidente Alberto Fern\u00e1ndez viaj\u00f3 a Misiones para recorrer obras en ejecuci\u00f3n junto al gobernador Oscar Herrera Ahuad. En horas, y en medio&hellip; <\/p>\n","protected":false},"author":11,"featured_media":61049,"comment_status":"closed","ping_status":"open","sticky":false,"template":"","format":"standard","meta":{"footnotes":""},"categories":[35],"tags":[],"class_list":["post-77855","post","type-post","status-publish","format-standard","has-post-thumbnail","hentry","category-opinion"],"_links":{"self":[{"href":"https:\/\/corrientesdetarde.com\/index.php\/wp-json\/wp\/v2\/posts\/77855","targetHints":{"allow":["GET"]}}],"collection":[{"href":"https:\/\/corrientesdetarde.com\/index.php\/wp-json\/wp\/v2\/posts"}],"about":[{"href":"https:\/\/corrientesdetarde.com\/index.php\/wp-json\/wp\/v2\/types\/post"}],"author":[{"embeddable":true,"href":"https:\/\/corrientesdetarde.com\/index.php\/wp-json\/wp\/v2\/users\/11"}],"replies":[{"embeddable":true,"href":"https:\/\/corrientesdetarde.com\/index.php\/wp-json\/wp\/v2\/comments?post=77855"}],"version-history":[{"count":1,"href":"https:\/\/corrientesdetarde.com\/index.php\/wp-json\/wp\/v2\/posts\/77855\/revisions"}],"predecessor-version":[{"id":77856,"href":"https:\/\/corrientesdetarde.com\/index.php\/wp-json\/wp\/v2\/posts\/77855\/revisions\/77856"}],"wp:featuredmedia":[{"embeddable":true,"href":"https:\/\/corrientesdetarde.com\/index.php\/wp-json\/wp\/v2\/media\/61049"}],"wp:attachment":[{"href":"https:\/\/corrientesdetarde.com\/index.php\/wp-json\/wp\/v2\/media?parent=77855"}],"wp:term":[{"taxonomy":"category","embeddable":true,"href":"https:\/\/corrientesdetarde.com\/index.php\/wp-json\/wp\/v2\/categories?post=77855"},{"taxonomy":"post_tag","embeddable":true,"href":"https:\/\/corrientesdetarde.com\/index.php\/wp-json\/wp\/v2\/tags?post=77855"}],"curies":[{"name":"wp","href":"https:\/\/api.w.org\/{rel}","templated":true}]}}