{"id":77860,"date":"2023-08-02T17:18:30","date_gmt":"2023-08-02T20:18:30","guid":{"rendered":"https:\/\/corrientesdetarde.com\/?p=77860"},"modified":"2023-08-02T17:18:35","modified_gmt":"2023-08-02T20:18:35","slug":"tras-el-apoyo-de-vidal-a-larreta-bullrich-busca-que-macri-oficialice-el-respaldo-a-su-precandidatura","status":"publish","type":"post","link":"https:\/\/corrientesdetarde.com\/index.php\/politica\/tras-el-apoyo-de-vidal-a-larreta-bullrich-busca-que-macri-oficialice-el-respaldo-a-su-precandidatura\/","title":{"rendered":"Tras el apoyo de Vidal a Larreta, Bullrich busca que Macri oficialice el respaldo a su precandidatura"},"content":{"rendered":"\n<p>La exgobernadora se pronunci\u00f3 a favor del jefe de Gobierno, que sigue sumando aliados en la interna contra la exministra de Seguridad. Qu\u00e9 dicen las \u00faltimas encuestas antes de las PASO.<\/p>\n\n\n\n<p>La interna de Juntos por el Cambio suma un nuevo cap\u00edtulo a menos de dos semanas de las\u00a0<strong>PASO<\/strong>, la primera gran cita electoral del 2023. Con el pronunciamiento de Mar\u00eda Eugenia Vidal\u00a0a favor de la candidatura presidencial de Horacio Rodr\u00edguez Larreta, Patricia Bullrich\u00a0se queda sin otra potencial aliada y sale a buscar que Mauricio Macri <strong>haga expl\u00edcito su<\/strong>\u00a0<strong>apoyo\u00a0<\/strong>antes de las primarias.<\/p>\n\n\n\n<p>Vidal, una pieza clave en la expansi\u00f3n pol\u00edtica del PRO durante la \u00faltima d\u00e9cada y media, fue precandidata a presidenta, pero se baj\u00f3 y decidi\u00f3 mantenerse\u00a0<strong>ajena a la interna durante meses<\/strong>. Hasta este mi\u00e9rcoles: como anticip\u00f3, la exgobernadora finalmente anunci\u00f3 v\u00eda redes su\u00a0 respaldo al jefe de Gobierno porte\u00f1o.<\/p>\n\n\n\n<p>La exmandataria destac\u00f3 en su mensaje los 27 a\u00f1os de trabajo en conjunto con Larreta, con quien siempre tuvo buena relaci\u00f3n pese a haber estado recientemente distanciada: \u201cQuiero contarles que en las pr\u00f3ximas elecciones&nbsp;<strong>voy a votar por Horacio<\/strong>\u201d.<\/p>\n\n\n\n<p>Se trata de una fuerte decisi\u00f3n pol\u00edtica que agita a\u00fan m\u00e1s las aguas puertas adentro de JxC.&nbsp;<strong>Larreta<\/strong>, con el respaldo de las&nbsp;<strong>\u201cpalomas\u201d&nbsp;<\/strong>del PRO y el&nbsp;<strong>radicalismo&nbsp;<\/strong>(esta semana tambi\u00e9n se pronunci\u00f3 a su favor&nbsp;<strong>Facundo Manes<\/strong>), suma otra aliada clave a su armado.<\/p>\n\n\n\n<figure class=\"wp-block-image\"><img decoding=\"async\" src=\"https:\/\/tn.com.ar\/resizer\/zwDEv0KbA9ubpfMpBLQwJvj9iHs=\/767x0\/smart\/filters:format(webp)\/cloudfront-us-east-1.images.arcpublishing.com\/artear\/LNASSYTZ55GRVGO2RATQUK463Y.jpg\" alt=\"Horacio Rodr\u00edguez Larreta sum\u00f3 este mi\u00e9rcoles el apoyo de Mar\u00eda Eugenia Vidal. (Foto: NA)\"\/><\/figure>\n\n\n\n<p>Del otro lado,&nbsp;<strong>Bullrich<\/strong>, que cuenta con el apoyo de los&nbsp;<strong>\u201chalcones\u201d<\/strong>, empieza a inquietarse y busca sacar una carta para jugar antes del 13 de agosto:&nbsp;<strong>el apoyo expl\u00edcito de Mauricio Macri<\/strong>. Que el expresidente est\u00e1 a favor de su candidatura es un secreto a voces, pero la exministra de Seguridad espera una&nbsp;<strong>definici\u00f3n p\u00fablica<\/strong>.<\/p>\n\n\n\n<p>Seg\u00fan pudo saber\u00a0, Macri prefiere evitar hacer anuncios que abran a\u00fan m\u00e1s la grieta en la coalici\u00f3n opositora. Adem\u00e1s, cree que\u00a0<strong>no es necesario<\/strong>, porque Patricia \u201cgana sola\u201d. En su entorno aseguran que est\u00e1\u00a0<strong>decidido a jugar despu\u00e9s de las internas<\/strong>.<\/p>\n\n\n\n<p>Por ahora, Macri fracas\u00f3 en su misi\u00f3n de evitar que desde los dos espacios cesen en las cr\u00edticas mutuas y enfocar los cuestionamientos en\u00a0<strong>Sergio Massa<\/strong>, el candidato presidencial de\u00a0<strong>Uni\u00f3n por la Patria (UxP)<\/strong>. Si bien se ensay\u00f3 una nueva foto de unidad el \u00faltimo domingo tras el batacazo de Ignacio Torres\u00a0en las elecciones a gobernador en Chubut, los recelos y las desconfianzas entre los dos postulantes del PRO contin\u00faan a flor de piel.<\/p>\n\n\n\n<p>En este contexto, las&nbsp;<strong>\u00faltimas encuestas<\/strong>&nbsp;que llegan a los comandos de campa\u00f1a arrojan como resultado que las PASO ser\u00e1n una elecci\u00f3n&nbsp;<strong>\u201cpalo a palo\u201d<\/strong>. Los sondeos presenciales, m\u00e1s fiables que los que se realizan por tel\u00e9fono o la web, muestran una&nbsp;<strong>paridad extrema entre Bullrich y Larreta<\/strong>, con la l\u00edder de los halcones haci\u00e9ndose fuerte en la Ciudad de Buenos Aires y el jefe de las palomas sacando ventaja en la Provincia. Por estas horas se habla de un&nbsp;<strong>empate virtual de 15 puntos<\/strong>.<\/p>\n","protected":false},"excerpt":{"rendered":"<p>La exgobernadora se pronunci\u00f3 a favor del jefe de Gobierno, que sigue sumando aliados en la interna contra la exministra de Seguridad. Qu\u00e9 dicen las \u00faltimas encuestas antes de las&hellip; <\/p>\n","protected":false},"author":8,"featured_media":77861,"comment_status":"closed","ping_status":"open","sticky":false,"template":"","format":"standard","meta":{"footnotes":""},"categories":[3],"tags":[],"class_list":["post-77860","post","type-post","status-publish","format-standard","has-post-thumbnail","hentry","category-politica"],"_links":{"self":[{"href":"https:\/\/corrientesdetarde.com\/index.php\/wp-json\/wp\/v2\/posts\/77860","targetHints":{"allow":["GET"]}}],"collection":[{"href":"https:\/\/corrientesdetarde.com\/index.php\/wp-json\/wp\/v2\/posts"}],"about":[{"href":"https:\/\/corrientesdetarde.com\/index.php\/wp-json\/wp\/v2\/types\/post"}],"author":[{"embeddable":true,"href":"https:\/\/corrientesdetarde.com\/index.php\/wp-json\/wp\/v2\/users\/8"}],"replies":[{"embeddable":true,"href":"https:\/\/corrientesdetarde.com\/index.php\/wp-json\/wp\/v2\/comments?post=77860"}],"version-history":[{"count":1,"href":"https:\/\/corrientesdetarde.com\/index.php\/wp-json\/wp\/v2\/posts\/77860\/revisions"}],"predecessor-version":[{"id":77862,"href":"https:\/\/corrientesdetarde.com\/index.php\/wp-json\/wp\/v2\/posts\/77860\/revisions\/77862"}],"wp:featuredmedia":[{"embeddable":true,"href":"https:\/\/corrientesdetarde.com\/index.php\/wp-json\/wp\/v2\/media\/77861"}],"wp:attachment":[{"href":"https:\/\/corrientesdetarde.com\/index.php\/wp-json\/wp\/v2\/media?parent=77860"}],"wp:term":[{"taxonomy":"category","embeddable":true,"href":"https:\/\/corrientesdetarde.com\/index.php\/wp-json\/wp\/v2\/categories?post=77860"},{"taxonomy":"post_tag","embeddable":true,"href":"https:\/\/corrientesdetarde.com\/index.php\/wp-json\/wp\/v2\/tags?post=77860"}],"curies":[{"name":"wp","href":"https:\/\/api.w.org\/{rel}","templated":true}]}}