{"id":77866,"date":"2023-08-02T17:26:51","date_gmt":"2023-08-02T20:26:51","guid":{"rendered":"https:\/\/corrientesdetarde.com\/?p=77866"},"modified":"2023-08-02T17:26:55","modified_gmt":"2023-08-02T20:26:55","slug":"lula-da-silva-apoyo-al-gobierno-con-el-fmi-deberian-sacarle-la-espada-de-la-cabeza-y-tenerle-paciencia","status":"publish","type":"post","link":"https:\/\/corrientesdetarde.com\/index.php\/internacionales\/lula-da-silva-apoyo-al-gobierno-con-el-fmi-deberian-sacarle-la-espada-de-la-cabeza-y-tenerle-paciencia\/","title":{"rendered":"Lula da Silva apoy\u00f3 al Gobierno con el FMI: \u201cDeber\u00edan sacarle la espada de la cabeza y tenerle paciencia\u201d"},"content":{"rendered":"\n<p>Adem\u00e1s asegur\u00f3 que le pidi\u00f3 a Dios que gane un candidato que defienda \u201cla inclusi\u00f3n social y el desarrollo\u201d. Gesto diplom\u00e1tico a favor de la Argentina.<\/p>\n\n\n\n<p>El presidente de\u00a0<strong>Brasil<\/strong>, Luiz In\u00e1cio Lula da Silva, habl\u00f3 este mi\u00e9rcoles sobre la situaci\u00f3n argentina en clave electoral, a menos de dos semanas de las PASO y le pidi\u00f3 \u201ca Dios\u201d que gane un candidato que defienda \u201cla inclusi\u00f3n social y el desarrollo\u201d.<\/p>\n\n\n\n<p>Adem\u00e1s, abog\u00f3 para que \u201cla democracia prevalezca\u201d y sostuvo que el Fondo Monetario Internacional (FMI) necesita tener \u201c<strong>paciencia<\/strong>\u201d con el pa\u00eds.<\/p>\n\n\n\n<p>\u201cPido a Dios que la democracia prevalezca y venza la democracia. Que sea elegido un candidato con m\u00e1s perspectiva de inclusi\u00f3n social y desarrollo y no uno que crea que toda pol\u00edtica p\u00fablica es gasto o que resolver el problema de Argentina es privatizar\u201d, dijo Lula en un desayuno con corresponsales extranjeros en el Palacio del Planalto, en Brasilia.<\/p>\n\n\n\n<h2 class=\"wp-block-heading\">Qu\u00e9 dijo Lula sobre la Argentina<\/h2>\n\n\n\n<p>Ante 30 periodistas extranjeros, Lula respondi\u00f3 sobre la situaci\u00f3n argentina y aludi\u00f3 a la deuda adquirida en 2018 por el gobierno de Mauricio Macri con el FMI.<\/p>\n\n\n\n<p>En ese sentido, asegur\u00f3 que es preciso reformar a ese organismo, como todas las instituciones multilaterales, y poner en marcha entidades m\u00e1s \u201cgenerosas y flexibles\u201d con los pa\u00edses que obtienen pr\u00e9stamos.<\/p>\n\n\n\n<figure class=\"wp-block-image\"><img decoding=\"async\" src=\"https:\/\/tn.com.ar\/resizer\/hrtwCLUDp_UNMrdZl33RhgPk2VI=\/767x0\/smart\/filters:format(webp)\/cloudfront-us-east-1.images.arcpublishing.com\/artear\/7HYUR4FMHFAM7FV6LXRKJ5U2CU.jpg\" alt=\"Lula se reuni\u00f3 con corresponsales extranjeros en Brasilia (Foto: AFP)\"\/><\/figure>\n\n\n\n<p>\u201cBrasil no quiere crecer solo, estoy preocupado porque un pa\u00eds tan importante como Argentina llega a una situaci\u00f3n como la actual en funci\u00f3n de una deuda adquirida por otro gobierno que qued\u00f3 para este gobierno.&nbsp;<strong>El FMI deber\u00eda tener paciencia<\/strong>\u201d, asegur\u00f3 Lula, citado por&nbsp;<em>Telam<\/em>.<\/p>\n\n\n\n<h2 class=\"wp-block-heading\">Qu\u00e9 dijo Lula sobre el FMI<\/h2>\n\n\n\n<p>Lula afirm\u00f3 que el FMI \u201cdeber\u00eda sacarle la espada de la cabeza\u201d a los pa\u00edses y dijo que intenta hacer lo posible en materia diplom\u00e1tica para abordar una salida para la deuda argentina.<\/p>\n\n\n\n<p>Incluso, dijo que convers\u00f3 sobre el asunto con el presidente chino,\u00a0<strong>Xi Jinping<\/strong>.<\/p>\n\n\n\n<p>Adem\u00e1s, destac\u00f3 la importancia de la Argentina como socio comercial de Brasil, el tercero despu\u00e9s de China y Estados Unidos.<\/p>\n","protected":false},"excerpt":{"rendered":"<p>Adem\u00e1s asegur\u00f3 que le pidi\u00f3 a Dios que gane un candidato que defienda \u201cla inclusi\u00f3n social y el desarrollo\u201d. Gesto diplom\u00e1tico a favor de la Argentina. El presidente de\u00a0Brasil, Luiz&hellip; <\/p>\n","protected":false},"author":8,"featured_media":77867,"comment_status":"closed","ping_status":"open","sticky":false,"template":"","format":"standard","meta":{"footnotes":""},"categories":[11],"tags":[],"class_list":["post-77866","post","type-post","status-publish","format-standard","has-post-thumbnail","hentry","category-internacionales"],"_links":{"self":[{"href":"https:\/\/corrientesdetarde.com\/index.php\/wp-json\/wp\/v2\/posts\/77866","targetHints":{"allow":["GET"]}}],"collection":[{"href":"https:\/\/corrientesdetarde.com\/index.php\/wp-json\/wp\/v2\/posts"}],"about":[{"href":"https:\/\/corrientesdetarde.com\/index.php\/wp-json\/wp\/v2\/types\/post"}],"author":[{"embeddable":true,"href":"https:\/\/corrientesdetarde.com\/index.php\/wp-json\/wp\/v2\/users\/8"}],"replies":[{"embeddable":true,"href":"https:\/\/corrientesdetarde.com\/index.php\/wp-json\/wp\/v2\/comments?post=77866"}],"version-history":[{"count":1,"href":"https:\/\/corrientesdetarde.com\/index.php\/wp-json\/wp\/v2\/posts\/77866\/revisions"}],"predecessor-version":[{"id":77868,"href":"https:\/\/corrientesdetarde.com\/index.php\/wp-json\/wp\/v2\/posts\/77866\/revisions\/77868"}],"wp:featuredmedia":[{"embeddable":true,"href":"https:\/\/corrientesdetarde.com\/index.php\/wp-json\/wp\/v2\/media\/77867"}],"wp:attachment":[{"href":"https:\/\/corrientesdetarde.com\/index.php\/wp-json\/wp\/v2\/media?parent=77866"}],"wp:term":[{"taxonomy":"category","embeddable":true,"href":"https:\/\/corrientesdetarde.com\/index.php\/wp-json\/wp\/v2\/categories?post=77866"},{"taxonomy":"post_tag","embeddable":true,"href":"https:\/\/corrientesdetarde.com\/index.php\/wp-json\/wp\/v2\/tags?post=77866"}],"curies":[{"name":"wp","href":"https:\/\/api.w.org\/{rel}","templated":true}]}}