{"id":77914,"date":"2023-08-03T08:31:57","date_gmt":"2023-08-03T11:31:57","guid":{"rendered":"https:\/\/corrientesdetarde.com\/?p=77914"},"modified":"2023-08-03T08:32:01","modified_gmt":"2023-08-03T11:32:01","slug":"salud-realiza-su-aporte-para-nueva-ley-de-arancelamiento-hospitalario","status":"publish","type":"post","link":"https:\/\/corrientesdetarde.com\/index.php\/bienestar-y-salud\/salud-realiza-su-aporte-para-nueva-ley-de-arancelamiento-hospitalario\/","title":{"rendered":"Salud realiza su aporte para nueva ley de Arancelamiento Hospitalario"},"content":{"rendered":"\n<p><em>Actualmente, el proyecto se trabaja en la Legislatura provincial. Se trata de una iniciativa que apunta a optimizar la prestaci\u00f3n sanitaria y el recupero de gastos de los hospitales por los servicios prestados.&nbsp;<\/em><\/p>\n\n\n\n<p>El ministro de Salud P\u00fablica de la Provincia, Ricardo Cardozo, encabez\u00f3 hoy una reuni\u00f3n parte de su gabinete y con los representantes de la Unidad Ejecutora Provincial (UEP), a cargo de Ariel V\u00e1zquez y directores de hospitales de la capital. El objetivo, fue evaluar y realizar aportes al proyecto de la nueva Ley de Arancelamiento Hospitalario, que se trabaja en la Legislatura provincial. En l\u00edneas generales, se trata de una iniciativa que apunta a optimizar la prestaci\u00f3n sanitaria y el recupero de gastos de los hospitales por los servicios prestados.&nbsp;<\/p>\n\n\n\n<p>En 2021, en el dise\u00f1o del proyecto particip\u00f3 la Asesor\u00eda Legal y la UEP, por parte del Ministerio de Salud P\u00fablica, y se cont\u00f3 con la colaboraci\u00f3n de los senadores David Dos Santos y Di\u00f3genes Gonz\u00e1lez&nbsp;<\/p>\n\n\n\n<p>El Ministerio de Salud P\u00fablica trabaj\u00f3 durante casi 2 a\u00f1os. Es una propuesta que se fundamenta en la necesidad de lograr los objetivos estrat\u00e9gicamente planificados por el sistema de arancelamiento y poder recuperar efectivamente las inversiones efectuadas por Salud P\u00fablica y la optimizaci\u00f3n del uso de lo recaudado.&nbsp;<\/p>\n\n\n\n<p>Este proyecto procura que los fondos que se recauden constituyan recursos propios de cada Centro Asistencial y est\u00e9n destinados a atender gastos de operatividad del hospital, adquirir y\/o contratar en Bienes de Consumo, Servicios, Bienes de Capital o Trabajos P\u00fablicos para la unidad asistencial, pago de honorarios profesionales y el fondo est\u00edmulo al personal, entre otros gastos propios del funcionamiento diario del nosocomio.&nbsp;<\/p>\n","protected":false},"excerpt":{"rendered":"<p>Actualmente, el proyecto se trabaja en la Legislatura provincial. Se trata de una iniciativa que apunta a optimizar la prestaci\u00f3n sanitaria y el recupero de gastos de los hospitales por&hellip; <\/p>\n","protected":false},"author":1,"featured_media":77918,"comment_status":"closed","ping_status":"open","sticky":false,"template":"","format":"standard","meta":{"footnotes":""},"categories":[16],"tags":[],"class_list":["post-77914","post","type-post","status-publish","format-standard","has-post-thumbnail","hentry","category-bienestar-y-salud"],"_links":{"self":[{"href":"https:\/\/corrientesdetarde.com\/index.php\/wp-json\/wp\/v2\/posts\/77914","targetHints":{"allow":["GET"]}}],"collection":[{"href":"https:\/\/corrientesdetarde.com\/index.php\/wp-json\/wp\/v2\/posts"}],"about":[{"href":"https:\/\/corrientesdetarde.com\/index.php\/wp-json\/wp\/v2\/types\/post"}],"author":[{"embeddable":true,"href":"https:\/\/corrientesdetarde.com\/index.php\/wp-json\/wp\/v2\/users\/1"}],"replies":[{"embeddable":true,"href":"https:\/\/corrientesdetarde.com\/index.php\/wp-json\/wp\/v2\/comments?post=77914"}],"version-history":[{"count":1,"href":"https:\/\/corrientesdetarde.com\/index.php\/wp-json\/wp\/v2\/posts\/77914\/revisions"}],"predecessor-version":[{"id":77919,"href":"https:\/\/corrientesdetarde.com\/index.php\/wp-json\/wp\/v2\/posts\/77914\/revisions\/77919"}],"wp:featuredmedia":[{"embeddable":true,"href":"https:\/\/corrientesdetarde.com\/index.php\/wp-json\/wp\/v2\/media\/77918"}],"wp:attachment":[{"href":"https:\/\/corrientesdetarde.com\/index.php\/wp-json\/wp\/v2\/media?parent=77914"}],"wp:term":[{"taxonomy":"category","embeddable":true,"href":"https:\/\/corrientesdetarde.com\/index.php\/wp-json\/wp\/v2\/categories?post=77914"},{"taxonomy":"post_tag","embeddable":true,"href":"https:\/\/corrientesdetarde.com\/index.php\/wp-json\/wp\/v2\/tags?post=77914"}],"curies":[{"name":"wp","href":"https:\/\/api.w.org\/{rel}","templated":true}]}}